{"id":11303,"date":"2022-05-26T15:15:25","date_gmt":"2022-05-26T18:15:25","guid":{"rendered":"https:\/\/fetems.org.br\/fetems\/?p=11303"},"modified":"2025-01-13T09:50:30","modified_gmt":"2025-01-13T12:50:30","slug":"nota-de-solidariedade-a-professora-priscila-scudder-censura-nunca-mais","status":"publish","type":"post","link":"https:\/\/fetems.org.br\/fetems\/nota-de-solidariedade-a-professora-priscila-scudder-censura-nunca-mais\/","title":{"rendered":"Nota de solidariedade \u00e0 professora Priscila Scudder \u2013 censura nunca mais!"},"content":{"rendered":"\n<p><\/p>\n\n\n\n<p>A Federa\u00e7\u00e3o dos Trabalhadores em Educa\u00e7\u00e3o de Mato Grosso do Sul \u2013 FETEMS, vem por meio desta, repudiar a agress\u00e3o sofrida pela professora da Universidade Federal de Rondon\u00f3polis (UFR), Priscila Scudder. A docente foi interrompida por um aluno quando proferia palestra no campus, durante evento promovido pela Ordem dos Advogados do Brasil (OAB).<\/p>\n\n\n\n<p>De acordo com a imprensa, o aluno teria interrompido a fala de Scudder sob a alega\u00e7\u00e3o de que a professora teria criticado o presidente Jair Bolsonaro.<\/p>\n\n\n\n<p>Priscila Scudder tem doutorado em Educa\u00e7\u00e3o, P\u00f3s-doutorado em Integra\u00e7\u00e3o Contempor\u00e2nea da Am\u00e9rica Latina e \u00e9 docente do programa de p\u00f3s-gradua\u00e7\u00e3o no departamento de Hist\u00f3ria da UFR.<\/p>\n\n\n\n<p>Scudder tamb\u00e9m integra Associa\u00e7\u00e3o Brasileira de Pesquisadoras (e) Negras (os) e \u00e9 uma das fundadoras do N\u00facleo de Estudos Afro-brasileiros e Ind\u00edgenas da UFR.<\/p>\n\n\n\n<p>A FETEMS, entende que a professora estava atuando dentro do que est\u00e1 previsto constitucionalmente e no art. 3\u00ba. da LDB, que diz:<\/p>\n\n\n\n<p>Art. 3\u00ba O ensino ser\u00e1 ministrado com base nos seguintes princ\u00edpios:<\/p>\n\n\n\n<p>[&#8230;]<\/p>\n\n\n\n<p><em>II &#8211; liberdade de aprender, ensinar, pesquisar e divulgar a cultura, o pensamento, a arte e o saber;<\/em><\/p>\n\n\n\n<p><em>III &#8211; pluralismo de ideias e de concep\u00e7\u00f5es pedag\u00f3gicas;<\/em><\/p>\n\n\n\n<p><em>IV &#8211; respeito \u00e0 liberdade e apre\u00e7o \u00e0 toler\u00e2ncia;<\/em><\/p>\n\n\n\n<p>[&#8230;]<\/p>\n\n\n\n<p>Sendo assim, nos solidarizamos \u00e0 professora Priscila Scudder e repudiamos os ataques que a mesma vem sofrendo em raz\u00e3o do exerc\u00edcio da profiss\u00e3o.<\/p>\n\n\n\n<p>Viva a Democracia e a liberdade de ensinar e de aprender! Censura nunca mais!<\/p>\n\n\n\n<p>Campo Grande\/MS, 26 de maio de 2022<\/p>\n\n\n\n<p>Federa\u00e7\u00e3o dos Trabalhadores em Educa\u00e7\u00e3o de Mato Grosso do Sul \u2013 FETEMS <\/p>\n\n\n\n<p>Foto: reprodu\u00e7\u00e3o facebook<\/p>\n\n\n\n<figure class=\"wp-block-image size-large\"><img loading=\"lazy\" decoding=\"async\" width=\"1024\" height=\"1024\" src=\"https:\/\/fetems.org.br\/fetems\/wp-content\/uploads\/2022\/05\/WhatsApp-Image-2022-05-26-at-14.22.44-1024x1024.jpeg\" alt=\"\" class=\"wp-image-11307\" srcset=\"https:\/\/fetems.org.br\/fetems\/wp-content\/uploads\/2022\/05\/WhatsApp-Image-2022-05-26-at-14.22.44-1024x1024.jpeg 1024w, https:\/\/fetems.org.br\/fetems\/wp-content\/uploads\/2022\/05\/WhatsApp-Image-2022-05-26-at-14.22.44-300x300.jpeg 300w, https:\/\/fetems.org.br\/fetems\/wp-content\/uploads\/2022\/05\/WhatsApp-Image-2022-05-26-at-14.22.44-150x150.jpeg 150w, https:\/\/fetems.org.br\/fetems\/wp-content\/uploads\/2022\/05\/WhatsApp-Image-2022-05-26-at-14.22.44-768x768.jpeg 768w, https:\/\/fetems.org.br\/fetems\/wp-content\/uploads\/2022\/05\/WhatsApp-Image-2022-05-26-at-14.22.44-1536x1536.jpeg 1536w, https:\/\/fetems.org.br\/fetems\/wp-content\/uploads\/2022\/05\/WhatsApp-Image-2022-05-26-at-14.22.44.jpeg 1599w\" sizes=\"(max-width: 1024px) 100vw, 1024px\" \/><\/figure>\n\n\n","protected":false},"excerpt":{"rendered":"<p>A Federa\u00e7\u00e3o dos Trabalhadores em Educa\u00e7\u00e3o de Mato Grosso do Sul \u2013 FETEMS, vem por meio desta, repudiar a agress\u00e3o sofrida pela professora da Universidade&#8230;<\/p>\n","protected":false},"author":4,"featured_media":11307,"comment_status":"open","ping_status":"open","sticky":true,"template":"","format":"standard","meta":{"footnotes":""},"categories":[26,18],"tags":[],"_links":{"self":[{"href":"https:\/\/fetems.org.br\/fetems\/wp-json\/wp\/v2\/posts\/11303"}],"collection":[{"href":"https:\/\/fetems.org.br\/fetems\/wp-json\/wp\/v2\/posts"}],"about":[{"href":"https:\/\/fetems.org.br\/fetems\/wp-json\/wp\/v2\/types\/post"}],"author":[{"embeddable":true,"href":"https:\/\/fetems.org.br\/fetems\/wp-json\/wp\/v2\/users\/4"}],"replies":[{"embeddable":true,"href":"https:\/\/fetems.org.br\/fetems\/wp-json\/wp\/v2\/comments?post=11303"}],"version-history":[{"count":3,"href":"https:\/\/fetems.org.br\/fetems\/wp-json\/wp\/v2\/posts\/11303\/revisions"}],"predecessor-version":[{"id":11310,"href":"https:\/\/fetems.org.br\/fetems\/wp-json\/wp\/v2\/posts\/11303\/revisions\/11310"}],"wp:featuredmedia":[{"embeddable":true,"href":"https:\/\/fetems.org.br\/fetems\/wp-json\/wp\/v2\/media\/11307"}],"wp:attachment":[{"href":"https:\/\/fetems.org.br\/fetems\/wp-json\/wp\/v2\/media?parent=11303"}],"wp:term":[{"taxonomy":"category","embeddable":true,"href":"https:\/\/fetems.org.br\/fetems\/wp-json\/wp\/v2\/categories?post=11303"},{"taxonomy":"post_tag","embeddable":true,"href":"https:\/\/fetems.org.br\/fetems\/wp-json\/wp\/v2\/tags?post=11303"}],"curies":[{"name":"wp","href":"https:\/\/api.w.org\/{rel}","templated":true}]}}