{"id":11405,"date":"2022-05-30T16:49:29","date_gmt":"2022-05-30T19:49:29","guid":{"rendered":"https:\/\/fetems.org.br\/fetems\/?p=11405"},"modified":"2025-01-13T09:50:30","modified_gmt":"2025-01-13T12:50:30","slug":"fetems-participa-de-formacao-sobre-o-censo-escolar","status":"publish","type":"post","link":"https:\/\/fetems.org.br\/fetems\/fetems-participa-de-formacao-sobre-o-censo-escolar\/","title":{"rendered":"FETEMS participa de Forma\u00e7\u00e3o sobre o Censo Escolar"},"content":{"rendered":"\n<p><br>A Secret\u00e1ria Geral da FETEMS e membro do Conselho Social de Acompanhamento e Controle Social do Fundo de Manuten\u00e7\u00e3o e Desenvolvimento da Educa\u00e7\u00e3o B\u00e1sica &#8211; CACS FUNDEB\/MS, Ana Maria de Oliveira, participou neste dia 30 de maio de uma forma\u00e7\u00e3o sobre o Censo Escolar no audit\u00f3rio da UEMS. Ana Maria de Oliveira destaca que \u201co censo escolar \u00e9 um importante instrumento de mapeamento da realidade das escolas p\u00fablicas, pois os dados s\u00e3o utilizados para fomentar pol\u00edticas educacionais que contemplem os diferentes n\u00edveis e modalidades de ensino conforme as demandas levantadas\u201d.<\/p>\n\n\n\n<p><br>A forma\u00e7\u00e3o foi ministrada pelo Coordenador estadual do Censo Escolar Alciley Lopes da Silva. Para que possamos obter uma Educa\u00e7\u00e3o B\u00e1sica de Qualidade, \u00e9 importante o trabalho dos Conselheiros, pois conforme prev\u00ea a Lei 14.113\/2020 no artigo 33:<br>Art.33 &#8211; II &#8211; supervisionar o censo escolar anual e a elabora\u00e7\u00e3o da proposta or\u00e7ament\u00e1ria anual, no \u00e2mbito de suas respectivas esferas governamentais de atua\u00e7\u00e3o, com o objetivo de concorrer para o regular e tempestivo tratamento e encaminhamento dos dados estat\u00edsticos e financeiros que alicer\u00e7am a operacionaliza\u00e7\u00e3o dos Fundos.<\/p>\n\n\n\n<figure class=\"wp-block-image size-large\"><img loading=\"lazy\" decoding=\"async\" width=\"1024\" height=\"769\" src=\"https:\/\/fetems.org.br\/fetems\/wp-content\/uploads\/2022\/05\/WhatsApp-Image-2022-05-30-at-14.06.18-1-1024x769.jpeg\" alt=\"\" class=\"wp-image-11406\" srcset=\"https:\/\/fetems.org.br\/fetems\/wp-content\/uploads\/2022\/05\/WhatsApp-Image-2022-05-30-at-14.06.18-1-1024x769.jpeg 1024w, https:\/\/fetems.org.br\/fetems\/wp-content\/uploads\/2022\/05\/WhatsApp-Image-2022-05-30-at-14.06.18-1-300x225.jpeg 300w, https:\/\/fetems.org.br\/fetems\/wp-content\/uploads\/2022\/05\/WhatsApp-Image-2022-05-30-at-14.06.18-1-768x577.jpeg 768w, https:\/\/fetems.org.br\/fetems\/wp-content\/uploads\/2022\/05\/WhatsApp-Image-2022-05-30-at-14.06.18-1-1536x1154.jpeg 1536w, https:\/\/fetems.org.br\/fetems\/wp-content\/uploads\/2022\/05\/WhatsApp-Image-2022-05-30-at-14.06.18-1.jpeg 1600w\" sizes=\"(max-width: 1024px) 100vw, 1024px\" \/><\/figure>\n\n\n\n<figure class=\"wp-block-image size-large\"><img loading=\"lazy\" decoding=\"async\" width=\"769\" height=\"1024\" src=\"https:\/\/fetems.org.br\/fetems\/wp-content\/uploads\/2022\/05\/WhatsApp-Image-2022-05-30-at-14.06.16-2-769x1024.jpeg\" alt=\"\" class=\"wp-image-11407\" srcset=\"https:\/\/fetems.org.br\/fetems\/wp-content\/uploads\/2022\/05\/WhatsApp-Image-2022-05-30-at-14.06.16-2-769x1024.jpeg 769w, https:\/\/fetems.org.br\/fetems\/wp-content\/uploads\/2022\/05\/WhatsApp-Image-2022-05-30-at-14.06.16-2-225x300.jpeg 225w, https:\/\/fetems.org.br\/fetems\/wp-content\/uploads\/2022\/05\/WhatsApp-Image-2022-05-30-at-14.06.16-2-768x1022.jpeg 768w, https:\/\/fetems.org.br\/fetems\/wp-content\/uploads\/2022\/05\/WhatsApp-Image-2022-05-30-at-14.06.16-2-1154x1536.jpeg 1154w, https:\/\/fetems.org.br\/fetems\/wp-content\/uploads\/2022\/05\/WhatsApp-Image-2022-05-30-at-14.06.16-2.jpeg 1202w\" sizes=\"(max-width: 769px) 100vw, 769px\" \/><\/figure>\n","protected":false},"excerpt":{"rendered":"<p>A Secret\u00e1ria Geral da FETEMS e membro do Conselho Social de Acompanhamento e Controle Social do Fundo de Manuten\u00e7\u00e3o e Desenvolvimento da Educa\u00e7\u00e3o B\u00e1sica &#8211;&#8230;<\/p>\n","protected":false},"author":4,"featured_media":11406,"comment_status":"open","ping_status":"open","sticky":true,"template":"","format":"standard","meta":{"footnotes":""},"categories":[26,18],"tags":[],"_links":{"self":[{"href":"https:\/\/fetems.org.br\/fetems\/wp-json\/wp\/v2\/posts\/11405"}],"collection":[{"href":"https:\/\/fetems.org.br\/fetems\/wp-json\/wp\/v2\/posts"}],"about":[{"href":"https:\/\/fetems.org.br\/fetems\/wp-json\/wp\/v2\/types\/post"}],"author":[{"embeddable":true,"href":"https:\/\/fetems.org.br\/fetems\/wp-json\/wp\/v2\/users\/4"}],"replies":[{"embeddable":true,"href":"https:\/\/fetems.org.br\/fetems\/wp-json\/wp\/v2\/comments?post=11405"}],"version-history":[{"count":1,"href":"https:\/\/fetems.org.br\/fetems\/wp-json\/wp\/v2\/posts\/11405\/revisions"}],"predecessor-version":[{"id":11408,"href":"https:\/\/fetems.org.br\/fetems\/wp-json\/wp\/v2\/posts\/11405\/revisions\/11408"}],"wp:featuredmedia":[{"embeddable":true,"href":"https:\/\/fetems.org.br\/fetems\/wp-json\/wp\/v2\/media\/11406"}],"wp:attachment":[{"href":"https:\/\/fetems.org.br\/fetems\/wp-json\/wp\/v2\/media?parent=11405"}],"wp:term":[{"taxonomy":"category","embeddable":true,"href":"https:\/\/fetems.org.br\/fetems\/wp-json\/wp\/v2\/categories?post=11405"},{"taxonomy":"post_tag","embeddable":true,"href":"https:\/\/fetems.org.br\/fetems\/wp-json\/wp\/v2\/tags?post=11405"}],"curies":[{"name":"wp","href":"https:\/\/api.w.org\/{rel}","templated":true}]}}