{"id":12760,"date":"2022-07-14T11:37:37","date_gmt":"2022-07-14T14:37:37","guid":{"rendered":"https:\/\/fetems.org.br\/fetems\/?p=12760"},"modified":"2025-01-13T09:52:01","modified_gmt":"2025-01-13T12:52:01","slug":"icms-congresso-vota-nesta-quinta-14-vetos-de-bolsonaro-as-emendas-que-garantem-recursos-para-a-educacao","status":"publish","type":"post","link":"https:\/\/fetems.org.br\/fetems\/icms-congresso-vota-nesta-quinta-14-vetos-de-bolsonaro-as-emendas-que-garantem-recursos-para-a-educacao\/","title":{"rendered":"ICMS: Congresso vota nesta quinta (14) vetos de Bolsonaro \u00e0s emendas que garantem recursos para a educa\u00e7\u00e3o"},"content":{"rendered":"\n<p>Os vetos do presidente Jair Bolsonaro ao PLP 18\/2022, que deu origem \u00e0 Lei Complementar n\u00ba 194 (desonera\u00e7\u00e3o do ICMS), acarretar\u00e3o perdas de mais de R$ 20 bilh\u00f5es apenas na \u00e1rea da educa\u00e7\u00e3o p\u00fablica. A vota\u00e7\u00e3o desses vetos est\u00e1 prevista para esta quinta-feira (14), a partir das 10h. A FETEMS (Federa\u00e7\u00e3o dos Trabalhadores em Educa\u00e7\u00e3o de Mato Grosso do Sul) e a Confedera\u00e7\u00e3o Nacional dos Trabalhadores em Educa\u00e7\u00e3o (CNTE) est\u00e3o mobilizadas para pressionar senadores\/as e deputados\/as para que eles\/as derrubem esses vetos do governo. <\/p>\n\n\n\n<p>Veja a seguir como fortalecer esse movimento.<br><br>1. Envie mensagens via Whats App, Facebook e Twitter pelo site NaPress\u00e3o:\u00a0<strong><a rel=\"noreferrer noopener\" href=\"https:\/\/bit.ly\/napressao_educacao\" target=\"_blank\">https:\/\/bit.ly\/napressao_educacao<\/a><\/strong><br><br>2. Envie mensagens por e-mail<br>&#8211;\u00a0 Baixe o card com texto do e-mail:\u00a0<strong><a rel=\"noreferrer noopener\" href=\"https:\/\/bit.ly\/msg_email_parlamentares\" target=\"_blank\">https:\/\/bit.ly\/msg_email_parlamentares<\/a><\/strong><br>&#8211; Lista de e-mails dos\/as senadores\/as:\u00a0<strong><a rel=\"noreferrer noopener\" href=\"https:\/\/bit.ly\/emails_senadores_2022\" target=\"_blank\">https:\/\/bit.ly\/emails_senadores_2022<\/a><\/strong><br>&#8211;\u00a0 Lista de e-mails dos\/as deputados\/as:\u00a0<strong><a rel=\"noreferrer noopener\" href=\"https:\/\/bit.ly\/emails_deputados\" target=\"_blank\">https:\/\/bit.ly\/emails_deputados<\/a><\/strong><\/p>\n\n\n\n<p><strong>Saiba mais sobre a Lei Complementar 194<\/strong><\/p>\n\n\n\n<p>A Lei Complementar 194 limita a cobran\u00e7a do Imposto sobre Circula\u00e7\u00e3o de Mercadorias e Servi\u00e7os (ICMS) de combust\u00edveis, energia el\u00e9trica, comunica\u00e7\u00f5es e transporte coletivo.&nbsp;O presidente Bolsonaro indeferiu itens que previam compensa\u00e7\u00e3o financeira para os estados \u2014 que podem sofrer perda de arrecada\u00e7\u00e3o com a nova norma. A Lei Complementar 194, de 2022, \u00e9 resultado de um projeto de lei complementar: o&nbsp;PLP 18\/2022.<br><br>O efeito colateral da lei pode tirar at\u00e9 R$ 21 bilh\u00f5es do ensino p\u00fablico de estados e munic\u00edpios,&nbsp;<strong><a href=\"https:\/\/oglobo.globo.com\/brasil\/educacao\/noticia\/2022\/07\/reducao-do-icms-impacta-educacao-e-ameaca-aulas-extras-obras-em-escolas-e-salarios.ghtml\" target=\"_blank\" rel=\"noreferrer noopener\">segundo o jornal O Globo<\/a><\/strong>.&nbsp;At\u00e9 agora, pelo menos 19 estados e o Distrito Federal j\u00e1 anunciaram a redu\u00e7\u00e3o do imposto sobre ICMS. Alguns deles chegam a cobrar at\u00e9 32% do imposto em determinados tipos de combust\u00edveis.<\/p>\n\n\n\n<p>\u201c\u00c9 evidente que essa perda anunciada n\u00e3o amea\u00e7a apenas aulas extras que tiveram que ser compensadas em raz\u00e3o da pandemia, mas tamb\u00e9m a expans\u00e3o do tempo integral ser\u00e1 prejudicada gravemente, as obras nas escolas e os sal\u00e1rios dos professores\u201d,&nbsp;<strong><a href=\"https:\/\/www.cnte.org.br\/index.php\/menu\/comunicacao\/posts\/noticias\/75142-icms-lei-sancionada-pelo-governo-tira-21-bilhoes-do-fundeb-e-impacta-em-aulas-obras-nas-escolas-e-salarios\" target=\"_blank\" rel=\"noreferrer noopener\">afirma Carlos Abicalil, coordenador do NAPP Educa\u00e7\u00e3o &#8211; N\u00facleo de Acompanhamento de Pol\u00edticas P\u00fablicas de Educa\u00e7\u00e3o da Funda\u00e7\u00e3o Perseu Abramo<\/a><\/strong>.<\/p>\n\n\n\n<p>>> A vota\u00e7\u00e3o dos vetos que tratam de\u00a0pontos da\u00a0Lei Complementar 194\/2022\u00a0<strong><a rel=\"noreferrer noopener\" href=\"https:\/\/www.youtube.com\/watch?v=dHRc6HIAr4c\" target=\"_blank\">ser\u00e1 transmitida pelo site do Senado &#8211; clique aqui para assistir<\/a><\/strong>.<br><br>Com informa\u00e7\u00f5es CNTE e Ag\u00eancia Senado<\/p>\n\n\n\n<figure class=\"wp-block-image size-full\"><img loading=\"lazy\" decoding=\"async\" width=\"600\" height=\"450\" src=\"https:\/\/fetems.org.br\/fetems\/wp-content\/uploads\/2022\/07\/2022_07_14_site_geraldo_magela_ag_senado.jpg\" alt=\"\" class=\"wp-image-12761\" srcset=\"https:\/\/fetems.org.br\/fetems\/wp-content\/uploads\/2022\/07\/2022_07_14_site_geraldo_magela_ag_senado.jpg 600w, https:\/\/fetems.org.br\/fetems\/wp-content\/uploads\/2022\/07\/2022_07_14_site_geraldo_magela_ag_senado-300x225.jpg 300w\" sizes=\"(max-width: 600px) 100vw, 600px\" \/><figcaption>Foto: Geraldo Magela\/Ag\u00eancia Senado<\/figcaption><\/figure>\n","protected":false},"excerpt":{"rendered":"<p>Os vetos do presidente Jair Bolsonaro ao PLP 18\/2022, que deu origem \u00e0 Lei Complementar n\u00ba 194 (desonera\u00e7\u00e3o do ICMS), acarretar\u00e3o perdas de mais de&#8230;<\/p>\n","protected":false},"author":4,"featured_media":12761,"comment_status":"open","ping_status":"open","sticky":true,"template":"","format":"standard","meta":{"footnotes":""},"categories":[1,26,18],"tags":[],"_links":{"self":[{"href":"https:\/\/fetems.org.br\/fetems\/wp-json\/wp\/v2\/posts\/12760"}],"collection":[{"href":"https:\/\/fetems.org.br\/fetems\/wp-json\/wp\/v2\/posts"}],"about":[{"href":"https:\/\/fetems.org.br\/fetems\/wp-json\/wp\/v2\/types\/post"}],"author":[{"embeddable":true,"href":"https:\/\/fetems.org.br\/fetems\/wp-json\/wp\/v2\/users\/4"}],"replies":[{"embeddable":true,"href":"https:\/\/fetems.org.br\/fetems\/wp-json\/wp\/v2\/comments?post=12760"}],"version-history":[{"count":1,"href":"https:\/\/fetems.org.br\/fetems\/wp-json\/wp\/v2\/posts\/12760\/revisions"}],"predecessor-version":[{"id":12762,"href":"https:\/\/fetems.org.br\/fetems\/wp-json\/wp\/v2\/posts\/12760\/revisions\/12762"}],"wp:featuredmedia":[{"embeddable":true,"href":"https:\/\/fetems.org.br\/fetems\/wp-json\/wp\/v2\/media\/12761"}],"wp:attachment":[{"href":"https:\/\/fetems.org.br\/fetems\/wp-json\/wp\/v2\/media?parent=12760"}],"wp:term":[{"taxonomy":"category","embeddable":true,"href":"https:\/\/fetems.org.br\/fetems\/wp-json\/wp\/v2\/categories?post=12760"},{"taxonomy":"post_tag","embeddable":true,"href":"https:\/\/fetems.org.br\/fetems\/wp-json\/wp\/v2\/tags?post=12760"}],"curies":[{"name":"wp","href":"https:\/\/api.w.org\/{rel}","templated":true}]}}