{"id":12763,"date":"2022-07-14T11:50:33","date_gmt":"2022-07-14T14:50:33","guid":{"rendered":"https:\/\/fetems.org.br\/fetems\/?p=12763"},"modified":"2025-01-13T09:52:01","modified_gmt":"2025-01-13T12:52:01","slug":"fetems-participa-da-abertura-e-ato-politico-cultural-com-grande-caminhada-da-educacao-no-ii-conape-em-natal-rn","status":"publish","type":"post","link":"https:\/\/fetems.org.br\/fetems\/fetems-participa-da-abertura-e-ato-politico-cultural-com-grande-caminhada-da-educacao-no-ii-conape-em-natal-rn\/","title":{"rendered":"FETEMS participa da abertura e Ato Pol\u00edtico-Cultural com grande caminhada da Educa\u00e7\u00e3o no II CONAPE em Natal (RN)"},"content":{"rendered":"\n<p><\/p>\n\n\n\n<p>A FETEMS (Federa\u00e7\u00e3o dos Trabalhadores em Educa\u00e7\u00e3o de Mato Grosso do Sul), participa, na cidade de Natal (RN), da II CONAPE (Confer\u00eancia Nacional Popular de Educa\u00e7\u00e3o), entre os dias 15 e 17 de julho, com mais de 40 Delegados, entre dirigentes da FETEMS e dirigentes dos SIMTED\u2019s (Sindicatos Municipais dos Trabalhadores(as) em Educa\u00e7\u00e3o de Mato Grosso do Sul), sindicalistas e estudantes.<\/p>\n\n\n\n<p>Nesta sexta-feira, dia 15, ser\u00e1 realizada a abertura oficial com uma grande Caminhada de Mobiliza\u00e7\u00e3o Nacional em Defesa da Educa\u00e7\u00e3o P\u00fablica com atos culturais simult\u00e2neos. \u201cToda programa\u00e7\u00e3o da II CONAPE \u00e9 importante e a realiza\u00e7\u00e3o de um Ato Pol\u00edtico-Cultural \u00e9 fundamental, principalmente para que possamos mostrar a uni\u00e3o e a for\u00e7a da educa\u00e7\u00e3o do nosso pa\u00eds. \u00c9 primordial que se restabele\u00e7a todo investimento necess\u00e1rio para avan\u00e7ar, pois nada ser\u00e1 constru\u00eddo em nosso pa\u00eds, sem uma educa\u00e7\u00e3o p\u00fablica de qualidade e com profissionais valorizados, e que possamos tamb\u00e9m garantir a retomada da democracia e da igualdade de direitos no nosso pa\u00eds\u201d, destaca a presidenta da FETEMS, Deumeires Morais.<\/p>\n\n\n\n<p>O tema da II CONAPE 2022 \u00e9: \u201cReconstruir o pa\u00eds: a retomada do Estado democr\u00e1tico de direito e a defesa da educa\u00e7\u00e3o p\u00fablica e popular, com gest\u00e3o p\u00fablica, gratuita, democr\u00e1tica, laica, inclusiva e de qualidade social para todos\/as\u201d, e tem como lema \u201cEduca\u00e7\u00e3o p\u00fablica e popular se constr\u00f3i com Democracia e Participa\u00e7\u00e3o Social: nenhum direito a menos e em defesa do legado de Paulo Freire\u201d.<\/p>\n\n\n\n<p>A FETEMS realizou com anteced\u00eancia Confer\u00eancias nas 14 regionais da nossa Federa\u00e7\u00e3o, uma \u201cCONAPE Livre\u201d e a etapa Estadual em MS. Os debates dos eixos foram qualitativos e culminaram num documento importante para a participa\u00e7\u00e3o da delega\u00e7\u00e3o do MS. Todos os participantes de Mato Grosso do Sul confirmados para a II CONAPE estiveram nas etapas da CONAPE: etapas Regionais da FETEMS, CONAPE Livre e etapa Estadual em Mato Grosso do Sul.<\/p>\n\n\n\n<p>Confira a programa\u00e7\u00e3o completa da II CONAPE:<\/p>\n\n\n\n<blockquote class=\"wp-block-quote is-layout-flow wp-block-quote-is-layout-flow\"><p><strong>15 DE JULHO DE 2022 (SEXTA-FEIRA)<\/strong><br>10h \u2013 Credenciamento \u2013 SAGU\u00c3O PRINCIPAL<br>14h \u2013 Caminhada-Mobiliza\u00e7\u00e3o Nacional em Defesa da Educa\u00e7\u00e3o P\u00fablica e atos culturais simult\u00e2neos em conson\u00e2ncia com o Documento Base da Conape.<br>Concentra\u00e7\u00e3o Percurso em detalhamento (4 km)<br>16h \u2013 Ato Pol\u00edtico-Cultural da CONAPE 2022 \u2013 Pra\u00e7a da \u00c1rvore<br>20h \u2013 Apresenta\u00e7\u00f5es Art\u00edsticas<br>Permanente \u2013 Exposi\u00e7\u00e3o Fixa Centen\u00e1rio de Paulo Freire<br>Permanente \u2013 Estandes e Feira Economia Solid\u00e1ria, Alimenta\u00e7\u00e3o e Artesanato<br>Exposi\u00e7\u00e3o Centen\u00e1rio Paulo Freire<br><strong>16 DE JULHO DE 2022 (S\u00c1BADO)<\/strong><br>08h \u2013 Atividade Cultural de Acolhimento<br>08h \u00e0s 12h \u2013 Continuidade do Credenciamento \u2013 SAGU\u00c3O PRINCIPAL<br>08h30 \u00e0s 11h30 \u2013 Sess\u00f5es de debates das comunica\u00e7\u00f5es orais (Apresenta\u00e7\u00e3o de Trabalhos Acad\u00eamicos)<br>11h30 \u00e0s 12h30 \u2013 Atividades autogestionadas propostas pelas entidades e parceiros estrat\u00e9gicos do campo educacional e \u00e1reas setoriais. Ser\u00e3o apresenta\u00e7\u00f5es culturais, exposi\u00e7\u00f5es, mostras, rodas de conversas, debates, minicursos, palestras, mesas redondas, pain\u00e9is, reuni\u00f5es, lan\u00e7amentos e apresenta\u00e7\u00f5es.<br>13h30 \u00e0s 14h \u2013 Apresenta\u00e7\u00e3o Cultural<br>14h \u00e0s 18h \u2013 Plen\u00e1rias de Eixos \u2013 Documento Base da Conape<br>Permanente \u2013 Estandes e Feira Economia Solid\u00e1ria, Alimenta\u00e7\u00e3o e Artesanato<br>Exposi\u00e7\u00e3o Centen\u00e1rio Paulo Freire<br>18h30 \u00e0s 19h30 \u2013 Atividades autogestionadas propostas pelas entidades e parceiros estrat\u00e9gicos do campo educacional. Ser\u00e3o apresenta\u00e7\u00f5es culturais, exposi\u00e7\u00f5es, mostras, rodas de conversas, debates, minicursos, palestras, mesas redondas, pain\u00e9is, reuni\u00f5es, lan\u00e7amentos e apresenta\u00e7\u00f5es.<br>19h30 \u00e0s 21h30 \u2013 Sess\u00f5es de debates das comunica\u00e7\u00f5es orais (Apresenta\u00e7\u00e3o de Trabalhos Acad\u00eamicos)<\/p><p>22h \u2013 APRESENTA\u00c7\u00c3O CULTURAL \u2013 SHOW<br>Permanente \u2013 Exposi\u00e7\u00e3o Fixa Centen\u00e1rio de Paulo Freire<br><strong>17 DE JULHO DE 2022 (DOMINGO)<\/strong><br>08h30h \u00e0s 11h \u2013 Grande Plen\u00e1ria da CONAPE que deliberar\u00e1 sobre o documento final e mo\u00e7\u00f5es.<\/p><p>12h \u2013 Manifesto da II CONAPE<br>15h \u2013 Encerramento Pol\u00edtico<br>Permanente \u2013 Exposi\u00e7\u00e3o Fixa Centen\u00e1rio de Paulo Freire<\/p><\/blockquote>\n\n\n\n<figure class=\"wp-block-image size-large\"><img loading=\"lazy\" decoding=\"async\" width=\"1024\" height=\"1024\" src=\"https:\/\/fetems.org.br\/fetems\/wp-content\/uploads\/2022\/07\/fnpe-conape-2022-card-cultura-logos-01-1024x1024.jpg\" alt=\"\" class=\"wp-image-12764\" srcset=\"https:\/\/fetems.org.br\/fetems\/wp-content\/uploads\/2022\/07\/fnpe-conape-2022-card-cultura-logos-01-1024x1024.jpg 1024w, https:\/\/fetems.org.br\/fetems\/wp-content\/uploads\/2022\/07\/fnpe-conape-2022-card-cultura-logos-01-300x300.jpg 300w, https:\/\/fetems.org.br\/fetems\/wp-content\/uploads\/2022\/07\/fnpe-conape-2022-card-cultura-logos-01-150x150.jpg 150w, https:\/\/fetems.org.br\/fetems\/wp-content\/uploads\/2022\/07\/fnpe-conape-2022-card-cultura-logos-01-768x768.jpg 768w, https:\/\/fetems.org.br\/fetems\/wp-content\/uploads\/2022\/07\/fnpe-conape-2022-card-cultura-logos-01.jpg 1080w\" sizes=\"(max-width: 1024px) 100vw, 1024px\" \/><\/figure>\n","protected":false},"excerpt":{"rendered":"<p>A FETEMS (Federa\u00e7\u00e3o dos Trabalhadores em Educa\u00e7\u00e3o de Mato Grosso do Sul), participa, na cidade de Natal (RN), da II CONAPE (Confer\u00eancia Nacional Popular de&#8230;<\/p>\n","protected":false},"author":4,"featured_media":12764,"comment_status":"open","ping_status":"open","sticky":true,"template":"","format":"standard","meta":{"footnotes":""},"categories":[59,1,26,18],"tags":[],"_links":{"self":[{"href":"https:\/\/fetems.org.br\/fetems\/wp-json\/wp\/v2\/posts\/12763"}],"collection":[{"href":"https:\/\/fetems.org.br\/fetems\/wp-json\/wp\/v2\/posts"}],"about":[{"href":"https:\/\/fetems.org.br\/fetems\/wp-json\/wp\/v2\/types\/post"}],"author":[{"embeddable":true,"href":"https:\/\/fetems.org.br\/fetems\/wp-json\/wp\/v2\/users\/4"}],"replies":[{"embeddable":true,"href":"https:\/\/fetems.org.br\/fetems\/wp-json\/wp\/v2\/comments?post=12763"}],"version-history":[{"count":3,"href":"https:\/\/fetems.org.br\/fetems\/wp-json\/wp\/v2\/posts\/12763\/revisions"}],"predecessor-version":[{"id":12769,"href":"https:\/\/fetems.org.br\/fetems\/wp-json\/wp\/v2\/posts\/12763\/revisions\/12769"}],"wp:featuredmedia":[{"embeddable":true,"href":"https:\/\/fetems.org.br\/fetems\/wp-json\/wp\/v2\/media\/12764"}],"wp:attachment":[{"href":"https:\/\/fetems.org.br\/fetems\/wp-json\/wp\/v2\/media?parent=12763"}],"wp:term":[{"taxonomy":"category","embeddable":true,"href":"https:\/\/fetems.org.br\/fetems\/wp-json\/wp\/v2\/categories?post=12763"},{"taxonomy":"post_tag","embeddable":true,"href":"https:\/\/fetems.org.br\/fetems\/wp-json\/wp\/v2\/tags?post=12763"}],"curies":[{"name":"wp","href":"https:\/\/api.w.org\/{rel}","templated":true}]}}