{"id":13379,"date":"2022-07-27T11:59:32","date_gmt":"2022-07-27T14:59:32","guid":{"rendered":"https:\/\/fetems.org.br\/fetems\/?p=13379"},"modified":"2025-01-13T09:52:25","modified_gmt":"2025-01-13T12:52:25","slug":"fetems-garante-por-meio-do-dialogo-com-governo-nova-chamada-e-posse-de-professoresas-aprovadosas-em-concurso","status":"publish","type":"post","link":"https:\/\/fetems.org.br\/fetems\/fetems-garante-por-meio-do-dialogo-com-governo-nova-chamada-e-posse-de-professoresas-aprovadosas-em-concurso\/","title":{"rendered":"FETEMS garante por meio do di\u00e1logo com governo nova chamada e posse de Professores(as) aprovados(as) em concurso"},"content":{"rendered":"\n<p>Conforme repasse de informes aos Presidentes(as) dos SIMTED\u2019s ontem, dia 26, durante o Conselho de Presidentes, o Edital do Governo do Estado n. 2\/2022 de hoje, dia 27, publicou entre as p\u00e1ginas 74 e 104, a Chamada dos Professores e Professoras Aprovados(as) no \u00faltimo Concurso P\u00fablico.<\/p>\n\n\n\n<p>A Presidenta Deumeires Morais destaca que \u201cfoi constru\u00eddo um cronograma que garante a chamada dos demais aprovados(as) para cumprir o compromisso do governo de chamar at\u00e9 mil professores e professoras no ano de 2022\u201d. Para a Presidenta da FETEMS, esta chamada de hoje \u00e9 resultado de um esfor\u00e7o constante de toda dire\u00e7\u00e3o da Federa\u00e7\u00e3o, que tem mantido o di\u00e1logo junto \u00e0s equipes da Secretaria de Estado de Administra\u00e7\u00e3o e Educa\u00e7\u00e3o de Mato Grosso do Sul.<\/p>\n\n\n\n<p>\u201cEstivemos reunidos com o governo no dia 25 para garantir a posse de novos professores e professoras, que ocorrer\u00e1 no dia 29 de agosto \u00e0s 10h no audit\u00f3rio da UEMS, em Campo Grande. O di\u00e1logo \u00e9 fundamental neste caminho de conquistas para a categoria, e quero parabenizar desde j\u00e1 a todos e todas os aprovados(as) e que ir\u00e3o, com certeza, fazer a diferen\u00e7a na Educa\u00e7\u00e3o do nosso estado. Que todos e todas possam fazer parte da constru\u00e7\u00e3o de um futuro melhor para os nossos alunos e alunas\u201d, destaca a Presidenta da FETEMS, Deumeires Morais.<\/p>\n\n\n\n<p><strong>EDITAL n. 2\/2022 de 27.07.2022 \u2013 P\u00e1gina 74 a 104.<\/strong><\/p>\n\n\n\n<p>Decreto \u201cP\u201d n. 704, de 30 de junho de 2022, publicado no Di\u00e1rio Oficial Eletr\u00f4nico n 10.881, de 1 de julho de 2022 para realizarem os procedimentos relacionados \u00e0 ETAPA II \u2013 POSSE, observadas as normas e procedimentos abaixo:<\/p>\n\n\n\n<ol><li>A Etapa II \u2013 Posse, de car\u00e1ter eliminat\u00f3rio, observado o disposto na Lei Complementar Estadual n. 87, de 31 de janeiro de 2000, na Lei Estadual n. 1.102, de 10 de outubro de 1990 e demais legisla\u00e7\u00f5es pertinentes, consistir\u00e1 na realiza\u00e7\u00e3o dos seguintes procedimentos, todos de natureza obrigat\u00f3ria:<\/li><\/ol>\n\n\n\n<p>a) Procedimento 1: preenchimento do pr\u00e9-cadastro dos dados pessoais do candidato e remessa online de documentos;<br>b) Procedimento 2: apresenta\u00e7\u00e3o presencial dos originais dos documentos e comprova\u00e7\u00e3o dos requisitos exigidos para a investidura no cargo de Professor, de acordo com o estabelecido no Item 2 do Edital n. 1\/2022 \u2013 SAD\/SED\/PROFESSOR\/2022, de 22 de fevereiro de 2022, e escolha de vaga de lota\u00e7\u00e3o.<\/p>\n\n\n\n<p>c) Procedimento 3: solenidade de efetiva\u00e7\u00e3o da posse (29.08 \u00e0s 10h na UEMS).<\/p>\n\n\n\n<p><strong>Acesse o Di\u00e1rio Oficial logo abaixo com a rela\u00e7\u00e3o dos aprovados e aprovadas.<\/strong><\/p>\n\n\n\n<figure class=\"wp-block-image size-large\"><img loading=\"lazy\" decoding=\"async\" width=\"1024\" height=\"630\" src=\"https:\/\/fetems.org.br\/fetems\/wp-content\/uploads\/2022\/07\/capaConcursoGoverno-1024x630.jpeg\" alt=\"\" class=\"wp-image-13380\" srcset=\"https:\/\/fetems.org.br\/fetems\/wp-content\/uploads\/2022\/07\/capaConcursoGoverno-1024x630.jpeg 1024w, https:\/\/fetems.org.br\/fetems\/wp-content\/uploads\/2022\/07\/capaConcursoGoverno-300x185.jpeg 300w, https:\/\/fetems.org.br\/fetems\/wp-content\/uploads\/2022\/07\/capaConcursoGoverno-768x473.jpeg 768w, https:\/\/fetems.org.br\/fetems\/wp-content\/uploads\/2022\/07\/capaConcursoGoverno.jpeg 1280w\" sizes=\"(max-width: 1024px) 100vw, 1024px\" \/><\/figure>\n\n\n\n<div data-wp-interactive=\"core\/file\" class=\"wp-block-file\"><object data-wp-bind--hidden=\"!state.hasPdfPreview\"  class=\"wp-block-file__embed\" data=\"https:\/\/fetems.org.br\/fetems\/wp-content\/uploads\/2022\/07\/DIARIO_OFICIAL_27.07.CHAMADAPROFESSORESCONCURSO.pdf\" type=\"application\/pdf\" style=\"width:100%;height:600px\" aria-label=\"Incorporado de Incorporado de DIARIO_OFICIAL_27.07.CHAMADAPROFESSORESCONCURSO..\"><\/object><a id=\"wp-block-file--media-d5452d8d-a1e5-4f1f-b305-3bd6d18c8475\" href=\"https:\/\/fetems.org.br\/fetems\/wp-content\/uploads\/2022\/07\/DIARIO_OFICIAL_27.07.CHAMADAPROFESSORESCONCURSO.pdf\">DIARIO_OFICIAL_27.07.CHAMADAPROFESSORESCONCURSO<\/a><a href=\"https:\/\/fetems.org.br\/fetems\/wp-content\/uploads\/2022\/07\/DIARIO_OFICIAL_27.07.CHAMADAPROFESSORESCONCURSO.pdf\" class=\"wp-block-file__button\" download aria-describedby=\"wp-block-file--media-d5452d8d-a1e5-4f1f-b305-3bd6d18c8475\">Baixar<\/a><\/div>\n","protected":false},"excerpt":{"rendered":"<p>Conforme repasse de informes aos Presidentes(as) dos SIMTED\u2019s ontem, dia 26, durante o Conselho de Presidentes, o Edital do Governo do Estado n. 2\/2022 de&#8230;<\/p>\n","protected":false},"author":4,"featured_media":13380,"comment_status":"open","ping_status":"open","sticky":true,"template":"","format":"standard","meta":{"footnotes":""},"categories":[1,26,18],"tags":[],"_links":{"self":[{"href":"https:\/\/fetems.org.br\/fetems\/wp-json\/wp\/v2\/posts\/13379"}],"collection":[{"href":"https:\/\/fetems.org.br\/fetems\/wp-json\/wp\/v2\/posts"}],"about":[{"href":"https:\/\/fetems.org.br\/fetems\/wp-json\/wp\/v2\/types\/post"}],"author":[{"embeddable":true,"href":"https:\/\/fetems.org.br\/fetems\/wp-json\/wp\/v2\/users\/4"}],"replies":[{"embeddable":true,"href":"https:\/\/fetems.org.br\/fetems\/wp-json\/wp\/v2\/comments?post=13379"}],"version-history":[{"count":3,"href":"https:\/\/fetems.org.br\/fetems\/wp-json\/wp\/v2\/posts\/13379\/revisions"}],"predecessor-version":[{"id":13385,"href":"https:\/\/fetems.org.br\/fetems\/wp-json\/wp\/v2\/posts\/13379\/revisions\/13385"}],"wp:featuredmedia":[{"embeddable":true,"href":"https:\/\/fetems.org.br\/fetems\/wp-json\/wp\/v2\/media\/13380"}],"wp:attachment":[{"href":"https:\/\/fetems.org.br\/fetems\/wp-json\/wp\/v2\/media?parent=13379"}],"wp:term":[{"taxonomy":"category","embeddable":true,"href":"https:\/\/fetems.org.br\/fetems\/wp-json\/wp\/v2\/categories?post=13379"},{"taxonomy":"post_tag","embeddable":true,"href":"https:\/\/fetems.org.br\/fetems\/wp-json\/wp\/v2\/tags?post=13379"}],"curies":[{"name":"wp","href":"https:\/\/api.w.org\/{rel}","templated":true}]}}