{"id":13857,"date":"2022-08-09T14:48:41","date_gmt":"2022-08-09T17:48:41","guid":{"rendered":"https:\/\/fetems.org.br\/fetems\/?p=13857"},"modified":"2025-01-13T09:52:48","modified_gmt":"2025-01-13T12:52:48","slug":"cerca-de-300-filiadosas-dos-sindicatos-municipais-filiados-a-fetems-participam-de-cursinho-preparatorio-com-todo-apoio-da-federacao","status":"publish","type":"post","link":"https:\/\/fetems.org.br\/fetems\/cerca-de-300-filiadosas-dos-sindicatos-municipais-filiados-a-fetems-participam-de-cursinho-preparatorio-com-todo-apoio-da-federacao\/","title":{"rendered":"Cerca de 300 filiados(as) dos Sindicatos Municipais filiados a FETEMS participam de Cursinho Preparat\u00f3rio com todo apoio da Federa\u00e7\u00e3o"},"content":{"rendered":"\n<p><\/p>\n\n\n\n<p><\/p>\n\n\n\n<p>Voltado para os filiados(as) dos SIMTED\u2019s de Nova Alvorada do Sul, Porto Murtinho, Itaquirai, Ponta Por\u00e3 e tamb\u00e9m filiados do SIPREMS de Sidrol\u00e2ndia, est\u00e3o abertas as inscri\u00e7\u00f5es para o Cursinho Preparat\u00f3rio para o Concurso P\u00fablico da Educa\u00e7\u00e3o de Mato Grosso do Sul.<\/p>\n\n\n\n<p>As aulas come\u00e7am ainda neste m\u00eas de agosto, dia 31, e ser\u00e3o ministradas de maneira EAD pelo Professor Doutor em Educa\u00e7\u00e3o, Onivan Lima Correa, Professora Mestra, Sueli Veiga Melo e Professora Doutora em Educa\u00e7\u00e3o, Andr\u00e9ia Nunes Milit\u00e3o.<\/p>\n\n\n\n<p>A Presidenta da FETEMS, Deumeires Morais destaca que \u201ca FETEMS \u00e9 parceira neste projeto e coloca \u00e0 disposi\u00e7\u00e3o a plataforma ZOOM, com capacidade para at\u00e9 3 mil professores(as) e tamb\u00e9m a nossa equipe de comunica\u00e7\u00e3o no sentido de dar todo suporte para ampliar a atualiza\u00e7\u00e3o de conhecimento dos profissionais que ir\u00e3o realizar a prova do concurso\u201d.<\/p>\n\n\n\n<p>O Professor Doutor em Educa\u00e7\u00e3o, Onivan Lima Correa, explica que \u201ca iniciativa foi dos SIMTED\u2019s e houve o pedido\/convite para que a dire\u00e7\u00e3o da FETEMS apoiasse no sentido de ter a Professora Mestra Sueli e eu, como professores do Cursinho. Prontamente n\u00f3s aceitamos e elaboramos a grade curricular voltada para o concurso p\u00fablico. Ser\u00e1 um momento de muito aprendizado, na expectativa que todos e todas sejam aprovados(as)\u201d.<\/p>\n\n\n\n<p>A Professora Mestra, Sueli Veiga Melo parabeniza os Sindicatos por esta importante iniciativa e destaca que \u201co Curso preparat\u00f3rio, organizado pelos Sindicatos, para os processos seletivos de convoca\u00e7\u00f5es de professores(as) dos munic\u00edpios \u00e9 fundamental para prepar\u00e1-los para as provas. O processo seletivo, \u00e9 praticamente, um concurso p\u00fablico e n\u00e3o \u00e9 f\u00e1cil. Por esta raz\u00e3o, \u00e9 papel dos sindicatos contribu\u00edrem com a prepara\u00e7\u00e3o dos professores (as) para participar. No Curso Preparat\u00f3rio iremos estudar a legisla\u00e7\u00e3o educacional, local, estadual e nacional e a toda a parte pedag\u00f3gica. Com certeza, quem fizer o curso ter\u00e1 melhores condi\u00e7\u00f5es para realizar as provas.\u201d<\/p>\n\n\n\n<p>J\u00e1 a Professora Doutora em Educa\u00e7\u00e3o, Andr\u00e9ia Nunes Milit\u00e3o, agradece a FETEMS pela oportunidade em participar desta importante etapa de prepara\u00e7\u00e3o dos trabalhadores e trabalhadoras em educa\u00e7\u00e3o. \u201c<br>A expectativa \u00e9 de que cerca de 300 futuros candidatos(as) realizem a inscri\u00e7\u00e3o. O Curso tem carga hor\u00e1ria de 80h com certifica\u00e7\u00e3o.<\/p>\n\n\n\n<p><strong>Servi\u00e7o<\/strong> \u2013 As inscri\u00e7\u00f5es seguem at\u00e9 o dia 26 de agosto por meio de link j\u00e1 encaminhado para os grupos dos Sindicatos Municipais filiados a FETEMS participantes.<\/p>\n\n\n\n<figure class=\"wp-block-image size-large\"><img loading=\"lazy\" decoding=\"async\" width=\"1024\" height=\"1024\" src=\"https:\/\/fetems.org.br\/fetems\/wp-content\/uploads\/2022\/08\/WhatsApp-Image-2022-08-08-at-08.32.06-1-1024x1024.jpeg\" alt=\"\" class=\"wp-image-13858\" srcset=\"https:\/\/fetems.org.br\/fetems\/wp-content\/uploads\/2022\/08\/WhatsApp-Image-2022-08-08-at-08.32.06-1-1024x1024.jpeg 1024w, https:\/\/fetems.org.br\/fetems\/wp-content\/uploads\/2022\/08\/WhatsApp-Image-2022-08-08-at-08.32.06-1-300x300.jpeg 300w, https:\/\/fetems.org.br\/fetems\/wp-content\/uploads\/2022\/08\/WhatsApp-Image-2022-08-08-at-08.32.06-1-150x150.jpeg 150w, https:\/\/fetems.org.br\/fetems\/wp-content\/uploads\/2022\/08\/WhatsApp-Image-2022-08-08-at-08.32.06-1-768x768.jpeg 768w, https:\/\/fetems.org.br\/fetems\/wp-content\/uploads\/2022\/08\/WhatsApp-Image-2022-08-08-at-08.32.06-1.jpeg 1080w\" sizes=\"(max-width: 1024px) 100vw, 1024px\" \/><\/figure>\n","protected":false},"excerpt":{"rendered":"<p>Voltado para os filiados(as) dos SIMTED\u2019s de Nova Alvorada do Sul, Porto Murtinho, Itaquirai, Ponta Por\u00e3 e tamb\u00e9m filiados do SIPREMS de Sidrol\u00e2ndia, est\u00e3o abertas&#8230;<\/p>\n","protected":false},"author":4,"featured_media":13858,"comment_status":"open","ping_status":"open","sticky":true,"template":"","format":"standard","meta":{"footnotes":""},"categories":[1,26,18],"tags":[],"_links":{"self":[{"href":"https:\/\/fetems.org.br\/fetems\/wp-json\/wp\/v2\/posts\/13857"}],"collection":[{"href":"https:\/\/fetems.org.br\/fetems\/wp-json\/wp\/v2\/posts"}],"about":[{"href":"https:\/\/fetems.org.br\/fetems\/wp-json\/wp\/v2\/types\/post"}],"author":[{"embeddable":true,"href":"https:\/\/fetems.org.br\/fetems\/wp-json\/wp\/v2\/users\/4"}],"replies":[{"embeddable":true,"href":"https:\/\/fetems.org.br\/fetems\/wp-json\/wp\/v2\/comments?post=13857"}],"version-history":[{"count":4,"href":"https:\/\/fetems.org.br\/fetems\/wp-json\/wp\/v2\/posts\/13857\/revisions"}],"predecessor-version":[{"id":14161,"href":"https:\/\/fetems.org.br\/fetems\/wp-json\/wp\/v2\/posts\/13857\/revisions\/14161"}],"wp:featuredmedia":[{"embeddable":true,"href":"https:\/\/fetems.org.br\/fetems\/wp-json\/wp\/v2\/media\/13858"}],"wp:attachment":[{"href":"https:\/\/fetems.org.br\/fetems\/wp-json\/wp\/v2\/media?parent=13857"}],"wp:term":[{"taxonomy":"category","embeddable":true,"href":"https:\/\/fetems.org.br\/fetems\/wp-json\/wp\/v2\/categories?post=13857"},{"taxonomy":"post_tag","embeddable":true,"href":"https:\/\/fetems.org.br\/fetems\/wp-json\/wp\/v2\/tags?post=13857"}],"curies":[{"name":"wp","href":"https:\/\/api.w.org\/{rel}","templated":true}]}}