{"id":13958,"date":"2022-08-10T18:24:36","date_gmt":"2022-08-10T21:24:36","guid":{"rendered":"https:\/\/fetems.org.br\/fetems\/?p=13958"},"modified":"2025-01-13T09:52:48","modified_gmt":"2025-01-13T12:52:48","slug":"diretoria-da-fetems-visita-escolas-da-rede-publica-em-campo-grande","status":"publish","type":"post","link":"https:\/\/fetems.org.br\/fetems\/diretoria-da-fetems-visita-escolas-da-rede-publica-em-campo-grande\/","title":{"rendered":"Diretoria da FETEMS visita escolas da rede p\u00fablica em Campo Grande"},"content":{"rendered":"\n<p><\/p>\n\n\n\n<p>A quarta-feira (10) foi de visita e debate nas escolas das redes estadual e municipais de Campo Grande (MS), isso porque a diretoria da FETEMS esteve nas escolas para distribui\u00e7\u00e3o e debate sobre a nova edi\u00e7\u00e3o do Jornal Quadro Verde, produzido pela equipe de Comunica\u00e7\u00e3o da FETEMS.<\/p>\n\n\n\n<p>O material aborda pautas de interesse da educa\u00e7\u00e3o p\u00fablica, bem como de toda comunidade escolar, envolvendo assuntos relacionados \u00e0s atividades realizadas pela Fetems e os 74 Simteds e ainda pautas relevantes como a Previd\u00eancia dos(as) Aposentados(as) e Chamada dos Concursos da educa\u00e7\u00e3o.<\/p>\n\n\n\n<p>Esta nova edi\u00e7\u00e3o do Quadro Verde tamb\u00e9m tem destaque para o artigo Professor Jaime Teixeira (Presidente Licenciado da FETEM), que retrata toda import\u00e2ncia da luta pelo piso em todos os munic\u00edpios de Mato Grosso do Sul. Traz ainda uma chamada para o 28\u00ba Congresso Estadual da FETEMS \u2013 Elaine de S\u00e1, que ser\u00e1 realizado entre os dias 25 e 28 de agosto no munic\u00edpio de Tr\u00eas Lagoas (MS).<\/p>\n\n\n\n<p>Os diretores conversaram tamb\u00e9m sobre a import\u00e2ncia da filia\u00e7\u00e3o aos sindicatos de base, pois somente com as filia\u00e7\u00f5es firmaremos o fortalecimento da nossa Fetems e sindicatos municipais. Tamb\u00e9m est\u00e1 no jornal da FETEMS o artigo importante sobre democracia e a import\u00e2ncia do voto neste ano de elei\u00e7\u00f5es.<br>A Presidenta da FETEMS, Deumeires Morais escreveu o artigo \u201cTrabalhador vota em Trabalhador\u201d no sentido de conscientizar para a import\u00e2ncia de votarmos em quem nos representa. \u201cOs nossos meios de comunica\u00e7\u00e3o s\u00e3o de extrema relev\u00e2ncia e \u00e9 fundamental a divulga\u00e7\u00e3o nas escolas, nossas pautas precisam ser ampliadas e como eu escrevi no artigo, n\u00f3s s\u00f3 conseguiremos reverter minimamente as derrotas e perdas se, elegermos pessoas que representem a educa\u00e7\u00e3o e a classe trabalhadora. Precisamos estar unidos nessas elei\u00e7\u00f5es e vigilantes o tempo todo\u201d.<\/p>\n\n\n\n<figure class=\"wp-block-image size-large\"><img loading=\"lazy\" decoding=\"async\" width=\"1024\" height=\"1024\" src=\"https:\/\/fetems.org.br\/fetems\/wp-content\/uploads\/2022\/08\/WhatsApp-Image-2022-08-10-at-17.05.41-1-1024x1024.jpeg\" alt=\"\" class=\"wp-image-13965\" srcset=\"https:\/\/fetems.org.br\/fetems\/wp-content\/uploads\/2022\/08\/WhatsApp-Image-2022-08-10-at-17.05.41-1-1024x1024.jpeg 1024w, https:\/\/fetems.org.br\/fetems\/wp-content\/uploads\/2022\/08\/WhatsApp-Image-2022-08-10-at-17.05.41-1-300x300.jpeg 300w, https:\/\/fetems.org.br\/fetems\/wp-content\/uploads\/2022\/08\/WhatsApp-Image-2022-08-10-at-17.05.41-1-150x150.jpeg 150w, https:\/\/fetems.org.br\/fetems\/wp-content\/uploads\/2022\/08\/WhatsApp-Image-2022-08-10-at-17.05.41-1-768x768.jpeg 768w, https:\/\/fetems.org.br\/fetems\/wp-content\/uploads\/2022\/08\/WhatsApp-Image-2022-08-10-at-17.05.41-1-1536x1536.jpeg 1536w, https:\/\/fetems.org.br\/fetems\/wp-content\/uploads\/2022\/08\/WhatsApp-Image-2022-08-10-at-17.05.41-1.jpeg 1564w\" sizes=\"(max-width: 1024px) 100vw, 1024px\" \/><\/figure>\n","protected":false},"excerpt":{"rendered":"<p>A quarta-feira (10) foi de visita e debate nas escolas das redes estadual e municipais de Campo Grande (MS), isso porque a diretoria da FETEMS&#8230;<\/p>\n","protected":false},"author":4,"featured_media":13965,"comment_status":"open","ping_status":"open","sticky":true,"template":"","format":"standard","meta":{"footnotes":""},"categories":[1,26,18],"tags":[],"_links":{"self":[{"href":"https:\/\/fetems.org.br\/fetems\/wp-json\/wp\/v2\/posts\/13958"}],"collection":[{"href":"https:\/\/fetems.org.br\/fetems\/wp-json\/wp\/v2\/posts"}],"about":[{"href":"https:\/\/fetems.org.br\/fetems\/wp-json\/wp\/v2\/types\/post"}],"author":[{"embeddable":true,"href":"https:\/\/fetems.org.br\/fetems\/wp-json\/wp\/v2\/users\/4"}],"replies":[{"embeddable":true,"href":"https:\/\/fetems.org.br\/fetems\/wp-json\/wp\/v2\/comments?post=13958"}],"version-history":[{"count":4,"href":"https:\/\/fetems.org.br\/fetems\/wp-json\/wp\/v2\/posts\/13958\/revisions"}],"predecessor-version":[{"id":13967,"href":"https:\/\/fetems.org.br\/fetems\/wp-json\/wp\/v2\/posts\/13958\/revisions\/13967"}],"wp:featuredmedia":[{"embeddable":true,"href":"https:\/\/fetems.org.br\/fetems\/wp-json\/wp\/v2\/media\/13965"}],"wp:attachment":[{"href":"https:\/\/fetems.org.br\/fetems\/wp-json\/wp\/v2\/media?parent=13958"}],"wp:term":[{"taxonomy":"category","embeddable":true,"href":"https:\/\/fetems.org.br\/fetems\/wp-json\/wp\/v2\/categories?post=13958"},{"taxonomy":"post_tag","embeddable":true,"href":"https:\/\/fetems.org.br\/fetems\/wp-json\/wp\/v2\/tags?post=13958"}],"curies":[{"name":"wp","href":"https:\/\/api.w.org\/{rel}","templated":true}]}}