{"id":13981,"date":"2022-08-12T14:16:44","date_gmt":"2022-08-12T17:16:44","guid":{"rendered":"https:\/\/fetems.org.br\/fetems\/?p=13981"},"modified":"2025-01-13T09:52:48","modified_gmt":"2025-01-13T12:52:48","slug":"educadores-brasileiros-repudiam-violencia-contra-a-mulher-e-ataques-contra-a-deputada-estadual-por-minas-gerais-professora-beatriz-cerqueira","status":"publish","type":"post","link":"https:\/\/fetems.org.br\/fetems\/educadores-brasileiros-repudiam-violencia-contra-a-mulher-e-ataques-contra-a-deputada-estadual-por-minas-gerais-professora-beatriz-cerqueira\/","title":{"rendered":"Educadores brasileiros repudiam viol\u00eancia contra a mulher e ataques contra a Deputada Estadual por Minas Gerais, Professora Beatriz Cerqueira"},"content":{"rendered":"\n<p>NOTA P\u00daBLICA<\/p>\n\n\n\n<p>A viol\u00eancia contra a mulher \u00e9 objetivo a ser combatido diuturnamente pelo conjunto da sociedade brasileira. Toda solidariedade \u00e0 Deputada Estadual por Minas Gerais Beatriz Cerqueira!<\/p>\n\n\n\n<p>Beatriz Cerqueira, professora e deputada estadual por Minas Gerais, agora candidata \u00e0 reelei\u00e7\u00e3o, \u00e9 a v\u00edtima da vez em mais uma manifesta\u00e7\u00e3o de \u00f3dio e de discurso mis\u00f3gino. Com agenda marcada em sua campanha para visitar o munic\u00edpio mineiro de M\u00e1rio Campos no \u00faltimo dia 09, a deputada do Partido dos Trabalhadores come\u00e7ou a receber amea\u00e7as violentas contra si e sua fam\u00edlia nas redes sociais. Um homem come\u00e7ou a desferir ataques \u00e0 sua condi\u00e7\u00e3o de mulher.<br><br>Identificado como assessor do vereador bolsonarista Reinaldo Magalh\u00e3es (PP), do mesmo munic\u00edpio mineiro em que a Deputada Professora Beatriz Cerqueira tinha agenda de campanha j\u00e1 marcada, o homem j\u00e1 foi at\u00e9 exonerado do cargo p\u00fablico que ocupava na C\u00e2mara de Vereadores de M\u00e1rio Campos. Mas isso n\u00e3o \u00e9 suficiente. \u00c9 fundamental acionar a pol\u00edcia, a Justi\u00e7a e o Minist\u00e9rio P\u00fablico para investigar e punir de forma exemplar mais esse caso de viol\u00eancia pol\u00edtica contra a mulher.<br><br>As agress\u00f5es contra a Deputada Professora Beatriz Cerqueira merecem nosso total rep\u00fadio e, por ser ela uma agente p\u00fablica com mandato eletivo, o caso ganha contornos ainda mais dr\u00e1sticos. A viol\u00eancia pol\u00edtica a qual o pa\u00eds est\u00e1 submetido nos tempos de hoje n\u00e3o pode prosperar, sob pena de instaurarmos no pa\u00eds, definitivamente, um clima de terror que nunca foi comum de se verificar na realidade brasileira.<br><br>\u00c9 fundamental que as institui\u00e7\u00f5es do munic\u00edpio e do Estado de Minas Gerais ajam o mais prontamente poss\u00edvel para que, de forma c\u00e9lere, possamos ter esse homem exemplarmente punido nos termos da nossa legisla\u00e7\u00e3o. As palavras por ele deferidas nas redes sociais contra a Deputada s\u00e3o de envergonhar qualquer pessoa com um m\u00ednimo de civilidade. Ficamos aqui a nos perguntar como um cidad\u00e3o que vive em sociedade e, al\u00e9m do mais, ocupa um cargo p\u00fablico, se permite a dizer o que esse homem disse.<br><br>Toda solidariedade \u00e0 Deputada Professora Beatriz Cerqueira!<br><br>Repudiamos de forma vigorosa todo o discurso de \u00f3dio e misoginia propagado por esse homem! Exigimos sua exemplar puni\u00e7\u00e3o!<\/p>\n\n\n\n<p>Com informa\u00e7\u00f5es <a href=\"https:\/\/www.cnte.org.br\/index.php\/menu\/comunicacao\/posts\/notas-publicas\/75234-educadores-brasileiros-repudiam-violencia-contra-a-mulher-e-ataques-contra-a-deputada-estadual-por-minas-gerais-professora-beatriz-cerqueira\" data-type=\"URL\" data-id=\"https:\/\/www.cnte.org.br\/index.php\/menu\/comunicacao\/posts\/notas-publicas\/75234-educadores-brasileiros-repudiam-violencia-contra-a-mulher-e-ataques-contra-a-deputada-estadual-por-minas-gerais-professora-beatriz-cerqueira\">CNTE<\/a><\/p>\n\n\n\n<figure class=\"wp-block-image size-large\"><img loading=\"lazy\" decoding=\"async\" width=\"1024\" height=\"1024\" src=\"https:\/\/fetems.org.br\/fetems\/wp-content\/uploads\/2022\/08\/WhatsApp-Image-2022-08-11-at-14.31.07-1024x1024.jpeg\" alt=\"\" class=\"wp-image-13983\" srcset=\"https:\/\/fetems.org.br\/fetems\/wp-content\/uploads\/2022\/08\/WhatsApp-Image-2022-08-11-at-14.31.07-1024x1024.jpeg 1024w, https:\/\/fetems.org.br\/fetems\/wp-content\/uploads\/2022\/08\/WhatsApp-Image-2022-08-11-at-14.31.07-300x300.jpeg 300w, https:\/\/fetems.org.br\/fetems\/wp-content\/uploads\/2022\/08\/WhatsApp-Image-2022-08-11-at-14.31.07-150x150.jpeg 150w, https:\/\/fetems.org.br\/fetems\/wp-content\/uploads\/2022\/08\/WhatsApp-Image-2022-08-11-at-14.31.07-768x768.jpeg 768w, https:\/\/fetems.org.br\/fetems\/wp-content\/uploads\/2022\/08\/WhatsApp-Image-2022-08-11-at-14.31.07.jpeg 1080w\" sizes=\"(max-width: 1024px) 100vw, 1024px\" \/><\/figure>\n","protected":false},"excerpt":{"rendered":"<p>NOTA P\u00daBLICA A viol\u00eancia contra a mulher \u00e9 objetivo a ser combatido diuturnamente pelo conjunto da sociedade brasileira. Toda solidariedade \u00e0 Deputada Estadual por Minas&#8230;<\/p>\n","protected":false},"author":4,"featured_media":13983,"comment_status":"open","ping_status":"open","sticky":true,"template":"","format":"standard","meta":{"footnotes":""},"categories":[26,18],"tags":[],"_links":{"self":[{"href":"https:\/\/fetems.org.br\/fetems\/wp-json\/wp\/v2\/posts\/13981"}],"collection":[{"href":"https:\/\/fetems.org.br\/fetems\/wp-json\/wp\/v2\/posts"}],"about":[{"href":"https:\/\/fetems.org.br\/fetems\/wp-json\/wp\/v2\/types\/post"}],"author":[{"embeddable":true,"href":"https:\/\/fetems.org.br\/fetems\/wp-json\/wp\/v2\/users\/4"}],"replies":[{"embeddable":true,"href":"https:\/\/fetems.org.br\/fetems\/wp-json\/wp\/v2\/comments?post=13981"}],"version-history":[{"count":2,"href":"https:\/\/fetems.org.br\/fetems\/wp-json\/wp\/v2\/posts\/13981\/revisions"}],"predecessor-version":[{"id":13985,"href":"https:\/\/fetems.org.br\/fetems\/wp-json\/wp\/v2\/posts\/13981\/revisions\/13985"}],"wp:featuredmedia":[{"embeddable":true,"href":"https:\/\/fetems.org.br\/fetems\/wp-json\/wp\/v2\/media\/13983"}],"wp:attachment":[{"href":"https:\/\/fetems.org.br\/fetems\/wp-json\/wp\/v2\/media?parent=13981"}],"wp:term":[{"taxonomy":"category","embeddable":true,"href":"https:\/\/fetems.org.br\/fetems\/wp-json\/wp\/v2\/categories?post=13981"},{"taxonomy":"post_tag","embeddable":true,"href":"https:\/\/fetems.org.br\/fetems\/wp-json\/wp\/v2\/tags?post=13981"}],"curies":[{"name":"wp","href":"https:\/\/api.w.org\/{rel}","templated":true}]}}