{"id":14035,"date":"2022-08-19T12:44:55","date_gmt":"2022-08-19T15:44:55","guid":{"rendered":"https:\/\/fetems.org.br\/fetems\/?p=14035"},"modified":"2025-01-13T09:53:20","modified_gmt":"2025-01-13T12:53:20","slug":"expectativa-de-sucesso-fetems-realiza-maior-congresso-em-educacao-de-mato-grosso-do-sul-na-proxima-semana-em-tres-lagoas","status":"publish","type":"post","link":"https:\/\/fetems.org.br\/fetems\/expectativa-de-sucesso-fetems-realiza-maior-congresso-em-educacao-de-mato-grosso-do-sul-na-proxima-semana-em-tres-lagoas\/","title":{"rendered":"Expectativa de sucesso \u2013 FETEMS realiza maior Congresso em Educa\u00e7\u00e3o de Mato Grosso do Sul na pr\u00f3xima semana em Tr\u00eas Lagoas"},"content":{"rendered":"\n<p><\/p>\n\n\n\n<p>Com 43 anos de exist\u00eancia e um legado de lutas e muitas conquistas para a Educa\u00e7\u00e3o sul-mato-grossense, a FETEMS (Federa\u00e7\u00e3o dos Trabalhadores em Educa\u00e7\u00e3o de Mato Grosso do Sul) contar\u00e1 com a participa\u00e7\u00e3o dos seus 74 sindicatos filiados, e cerca de mil delegados(as) no 28\u00b0 Congresso Estadual da Federa\u00e7\u00e3o, j\u00e1 na pr\u00f3xima semana, de 25 a 28.<\/p>\n\n\n\n<p>Com expectativa de ser um sucesso, o 28\u00b0 Congresso Estadual da Federa\u00e7\u00e3o &#8211; \u201cProfessora Elaine de S\u00e1\u201d com o tema: Esperan\u00e7ar e Reconstruir a Educa\u00e7\u00e3o P\u00fablica, ser\u00e1 realizado no munic\u00edpio de Tr\u00eas Lagoas (MS).<\/p>\n\n\n\n<p>\u201cA realiza\u00e7\u00e3o deste 28\u00ba Congresso dos Trabalhadores em Educa\u00e7\u00e3o de Mato Grosso do Sul \u00e9 a concretiza\u00e7\u00e3o de todas as nossas a\u00e7\u00f5es, que forma, informa, debate, vai \u00e0 luta, vai \u00e0s ruas, enfrenta dificuldades, e coloca acima de tudo, a democracia, a igualdade de direitos em suas bandeiras. Ser\u00e1 mais que um evento, ser\u00e1 um marco na hist\u00f3ria da educa\u00e7\u00e3o do nosso estado, que com certeza, vai refletir tamb\u00e9m na educa\u00e7\u00e3o nacional, pois as nossas pautas est\u00e3o alinhadas com as necessidades em todas as esferas\u201d, reflete a Presidenta da FETEMS, Deumeires Morais.<\/p>\n\n\n\n<p>A Presidenta destaca ainda todo o preparativo para o Congresso, que ocorreu de maneira muito tranquila, respons\u00e1vel, organizada e \u00e1gil, com decis\u00f5es a partir da Comiss\u00e3o Organizadora, formada por diretores da FETEMS e diretores do SINTED de Tr\u00eas Lagoas. \u201cCada detalhe foi pensado com muito carinho e aten\u00e7\u00e3o para atender a todos e todas, e a dedica\u00e7\u00e3o do SINTED de Tr\u00eas Lagoas foi fundamental para que tudo ficasse bem organizado\u201d, destaca a Presidenta da FETEMS, Deumeires Morais, que ressalta tamb\u00e9m os momentos que ser\u00e3o vividos durante o Congresso: \u201cTeremos homenagem \u00e0 professora Elaine de S\u00e1, grande companheira da nossa educa\u00e7\u00e3o, que infelizmente nos deixou de maneira repentina. Ainda teremos atra\u00e7\u00f5es culturais, m\u00fasica, dan\u00e7a, e a alegria de estarmos juntos e juntas celebrando a vida e o futuro da categoria\u201d.<\/p>\n\n\n\n<p>Para o Presidente Licenciado da FETEMS, Professor Jaime Teixeira, \u201co Congresso \u00e9 fundamental, pois juntos poderemos desfrutar de debates intensos e atualiza\u00e7\u00f5es em rela\u00e7\u00e3o ao cen\u00e1rio pol\u00edtico-econ\u00f4mico do pa\u00eds e do nosso estado e principalmente debater desafios e solu\u00e7\u00f5es para a nossa educa\u00e7\u00e3o p\u00fablica, juntamente com convidados e convidadas de destaque em nosso pa\u00eds\u201d.<\/p>\n\n\n\n<figure class=\"wp-block-image size-large\"><img loading=\"lazy\" decoding=\"async\" width=\"1024\" height=\"1024\" src=\"https:\/\/fetems.org.br\/fetems\/wp-content\/uploads\/2022\/08\/WhatsApp-Image-2022-06-14-at-14.08.20-1-1-1024x1024.jpeg\" alt=\"\" class=\"wp-image-14036\" srcset=\"https:\/\/fetems.org.br\/fetems\/wp-content\/uploads\/2022\/08\/WhatsApp-Image-2022-06-14-at-14.08.20-1-1-1024x1024.jpeg 1024w, https:\/\/fetems.org.br\/fetems\/wp-content\/uploads\/2022\/08\/WhatsApp-Image-2022-06-14-at-14.08.20-1-1-300x300.jpeg 300w, https:\/\/fetems.org.br\/fetems\/wp-content\/uploads\/2022\/08\/WhatsApp-Image-2022-06-14-at-14.08.20-1-1-150x150.jpeg 150w, https:\/\/fetems.org.br\/fetems\/wp-content\/uploads\/2022\/08\/WhatsApp-Image-2022-06-14-at-14.08.20-1-1-768x768.jpeg 768w, https:\/\/fetems.org.br\/fetems\/wp-content\/uploads\/2022\/08\/WhatsApp-Image-2022-06-14-at-14.08.20-1-1.jpeg 1080w\" sizes=\"(max-width: 1024px) 100vw, 1024px\" \/><\/figure>\n","protected":false},"excerpt":{"rendered":"<p>Com 43 anos de exist\u00eancia e um legado de lutas e muitas conquistas para a Educa\u00e7\u00e3o sul-mato-grossense, a FETEMS (Federa\u00e7\u00e3o dos Trabalhadores em Educa\u00e7\u00e3o de&#8230;<\/p>\n","protected":false},"author":4,"featured_media":14036,"comment_status":"open","ping_status":"open","sticky":true,"template":"","format":"standard","meta":{"footnotes":""},"categories":[84,1,26,18],"tags":[],"_links":{"self":[{"href":"https:\/\/fetems.org.br\/fetems\/wp-json\/wp\/v2\/posts\/14035"}],"collection":[{"href":"https:\/\/fetems.org.br\/fetems\/wp-json\/wp\/v2\/posts"}],"about":[{"href":"https:\/\/fetems.org.br\/fetems\/wp-json\/wp\/v2\/types\/post"}],"author":[{"embeddable":true,"href":"https:\/\/fetems.org.br\/fetems\/wp-json\/wp\/v2\/users\/4"}],"replies":[{"embeddable":true,"href":"https:\/\/fetems.org.br\/fetems\/wp-json\/wp\/v2\/comments?post=14035"}],"version-history":[{"count":1,"href":"https:\/\/fetems.org.br\/fetems\/wp-json\/wp\/v2\/posts\/14035\/revisions"}],"predecessor-version":[{"id":14037,"href":"https:\/\/fetems.org.br\/fetems\/wp-json\/wp\/v2\/posts\/14035\/revisions\/14037"}],"wp:featuredmedia":[{"embeddable":true,"href":"https:\/\/fetems.org.br\/fetems\/wp-json\/wp\/v2\/media\/14036"}],"wp:attachment":[{"href":"https:\/\/fetems.org.br\/fetems\/wp-json\/wp\/v2\/media?parent=14035"}],"wp:term":[{"taxonomy":"category","embeddable":true,"href":"https:\/\/fetems.org.br\/fetems\/wp-json\/wp\/v2\/categories?post=14035"},{"taxonomy":"post_tag","embeddable":true,"href":"https:\/\/fetems.org.br\/fetems\/wp-json\/wp\/v2\/tags?post=14035"}],"curies":[{"name":"wp","href":"https:\/\/api.w.org\/{rel}","templated":true}]}}