{"id":14147,"date":"2022-08-31T18:14:16","date_gmt":"2022-08-31T21:14:16","guid":{"rendered":"https:\/\/fetems.org.br\/fetems\/?p=14147"},"modified":"2025-01-13T09:53:17","modified_gmt":"2025-01-13T12:53:17","slug":"fetems-realiza-debate-para-esclarecimentos-das-condicionalidades-do-valor-aluno-ano-por-resultados-vaar","status":"publish","type":"post","link":"https:\/\/fetems.org.br\/fetems\/fetems-realiza-debate-para-esclarecimentos-das-condicionalidades-do-valor-aluno-ano-por-resultados-vaar\/","title":{"rendered":"FETEMS realiza debate para esclarecimentos das condicionalidades do Valor Aluno Ano por Resultados (VAAR)"},"content":{"rendered":"\n<p>A tarde de hoje, dia 31, foi de estudos, debates e orienta\u00e7\u00f5es sobre as condicionalidades do Valor Aluno Ano por Resultados (VAAR), com a participa\u00e7\u00e3o da presidenta da FETEMS, Deumeires Morais, dire\u00e7\u00e3o da FETEMS, Conselheiros do FUNDEB, presidentes dos sindicatos filiados \u00e0 FETEMS, com a presen\u00e7a e orienta\u00e7\u00f5es do economista e advogado Eduardo Ferreira \u2013 assessor para assuntos jur\u00eddicos educacionais da CNTE, por meio da plataforma ZOOM.<\/p>\n\n\n\n<p>Mais de 200 participantes ouviram atentamente ao debate organizado pela FETEMS e tiraram suas d\u00favidas em rela\u00e7\u00e3o a essa pauta que \u00e9 uma novidade do Fundeb e ser\u00e1 distribu\u00edda pela primeira vez no exerc\u00edcio de 2023.<\/p>\n\n\n\n<p>Cada munic\u00edpio ter\u00e1 que debater e definir em suas c\u00e2maras de vereadores o valor da contribui\u00e7\u00e3o dos Estados, Distrito Federal e Munic\u00edpios aos 27 Fundos estaduais.<\/p>\n\n\n\n<p>Esses mecanismos dialogam diretamente com os crit\u00e9rios a serem observados na partilha do ICMS Educacional &#8211; melhoria da aprendizagem e da equidade, com base nos n\u00edveis socioecon\u00f4micos dos estudantes.<\/p>\n\n\n\n<p>A presidenta da FETEMS, Deumeires Morais, agradeceu a participa\u00e7\u00e3o de todos e todas no debate, e a disponibilidade do Eduardo Ferreira, assessor para assuntos jur\u00eddicos educacionais da CNTE, para uma pauta t\u00e3o importante para toda categoria. \u201cAgora \u00e9 o momento de dialogarmos, entendermos todas as novas regras e irmos \u00e0 luta, reivindicar os direitos de repasse para a educa\u00e7\u00e3o em nossas c\u00e2maras de vereadores e principalmente, priorizar a gest\u00e3o democr\u00e1tica nas escolas da rede p\u00fablica de ensino, e que possamos continuar firmes e fortes na luta\u201d.<\/p>\n\n\n\n<figure class=\"wp-block-image size-large\"><img loading=\"lazy\" decoding=\"async\" width=\"1024\" height=\"576\" src=\"https:\/\/fetems.org.br\/fetems\/wp-content\/uploads\/2022\/08\/WhatsApp-Image-2022-08-31-at-14.16.34-1024x576.jpeg\" alt=\"\" class=\"wp-image-14148\" srcset=\"https:\/\/fetems.org.br\/fetems\/wp-content\/uploads\/2022\/08\/WhatsApp-Image-2022-08-31-at-14.16.34-1024x576.jpeg 1024w, https:\/\/fetems.org.br\/fetems\/wp-content\/uploads\/2022\/08\/WhatsApp-Image-2022-08-31-at-14.16.34-300x169.jpeg 300w, https:\/\/fetems.org.br\/fetems\/wp-content\/uploads\/2022\/08\/WhatsApp-Image-2022-08-31-at-14.16.34-768x432.jpeg 768w, https:\/\/fetems.org.br\/fetems\/wp-content\/uploads\/2022\/08\/WhatsApp-Image-2022-08-31-at-14.16.34.jpeg 1280w\" sizes=\"(max-width: 1024px) 100vw, 1024px\" \/><\/figure>\n\n\n\n<figure class=\"wp-block-gallery has-nested-images columns-default is-cropped wp-block-gallery-1 is-layout-flex wp-block-gallery-is-layout-flex\">\n<figure class=\"wp-block-image size-large\"><img loading=\"lazy\" decoding=\"async\" width=\"1024\" height=\"576\" data-id=\"14151\" src=\"https:\/\/fetems.org.br\/fetems\/wp-content\/uploads\/2022\/08\/WhatsApp-Image-2022-08-31-at-15.59.56-1024x576.jpeg\" alt=\"\" class=\"wp-image-14151\" srcset=\"https:\/\/fetems.org.br\/fetems\/wp-content\/uploads\/2022\/08\/WhatsApp-Image-2022-08-31-at-15.59.56-1024x576.jpeg 1024w, https:\/\/fetems.org.br\/fetems\/wp-content\/uploads\/2022\/08\/WhatsApp-Image-2022-08-31-at-15.59.56-300x169.jpeg 300w, https:\/\/fetems.org.br\/fetems\/wp-content\/uploads\/2022\/08\/WhatsApp-Image-2022-08-31-at-15.59.56-768x432.jpeg 768w, https:\/\/fetems.org.br\/fetems\/wp-content\/uploads\/2022\/08\/WhatsApp-Image-2022-08-31-at-15.59.56.jpeg 1280w\" sizes=\"(max-width: 1024px) 100vw, 1024px\" \/><\/figure>\n\n\n\n<figure class=\"wp-block-image size-large\"><img loading=\"lazy\" decoding=\"async\" width=\"1024\" height=\"576\" data-id=\"14149\" src=\"https:\/\/fetems.org.br\/fetems\/wp-content\/uploads\/2022\/08\/WhatsApp-Image-2022-08-31-at-17.08.57.jpeg\" alt=\"\" class=\"wp-image-14149\" srcset=\"https:\/\/fetems.org.br\/fetems\/wp-content\/uploads\/2022\/08\/WhatsApp-Image-2022-08-31-at-17.08.57.jpeg 1024w, https:\/\/fetems.org.br\/fetems\/wp-content\/uploads\/2022\/08\/WhatsApp-Image-2022-08-31-at-17.08.57-300x169.jpeg 300w, https:\/\/fetems.org.br\/fetems\/wp-content\/uploads\/2022\/08\/WhatsApp-Image-2022-08-31-at-17.08.57-768x432.jpeg 768w\" sizes=\"(max-width: 1024px) 100vw, 1024px\" \/><\/figure>\n\n\n\n<figure class=\"wp-block-image size-large\"><img loading=\"lazy\" decoding=\"async\" width=\"1024\" height=\"576\" data-id=\"14150\" src=\"https:\/\/fetems.org.br\/fetems\/wp-content\/uploads\/2022\/08\/WhatsApp-Image-2022-08-31-at-17.08.57-1.jpeg\" alt=\"\" class=\"wp-image-14150\" srcset=\"https:\/\/fetems.org.br\/fetems\/wp-content\/uploads\/2022\/08\/WhatsApp-Image-2022-08-31-at-17.08.57-1.jpeg 1024w, https:\/\/fetems.org.br\/fetems\/wp-content\/uploads\/2022\/08\/WhatsApp-Image-2022-08-31-at-17.08.57-1-300x169.jpeg 300w, https:\/\/fetems.org.br\/fetems\/wp-content\/uploads\/2022\/08\/WhatsApp-Image-2022-08-31-at-17.08.57-1-768x432.jpeg 768w\" sizes=\"(max-width: 1024px) 100vw, 1024px\" \/><\/figure>\n<\/figure>\n","protected":false},"excerpt":{"rendered":"<p>A tarde de hoje, dia 31, foi de estudos, debates e orienta\u00e7\u00f5es sobre as condicionalidades do Valor Aluno Ano por Resultados (VAAR), com a participa\u00e7\u00e3o&#8230;<\/p>\n","protected":false},"author":4,"featured_media":14148,"comment_status":"open","ping_status":"open","sticky":true,"template":"","format":"standard","meta":{"footnotes":""},"categories":[26,18],"tags":[],"_links":{"self":[{"href":"https:\/\/fetems.org.br\/fetems\/wp-json\/wp\/v2\/posts\/14147"}],"collection":[{"href":"https:\/\/fetems.org.br\/fetems\/wp-json\/wp\/v2\/posts"}],"about":[{"href":"https:\/\/fetems.org.br\/fetems\/wp-json\/wp\/v2\/types\/post"}],"author":[{"embeddable":true,"href":"https:\/\/fetems.org.br\/fetems\/wp-json\/wp\/v2\/users\/4"}],"replies":[{"embeddable":true,"href":"https:\/\/fetems.org.br\/fetems\/wp-json\/wp\/v2\/comments?post=14147"}],"version-history":[{"count":2,"href":"https:\/\/fetems.org.br\/fetems\/wp-json\/wp\/v2\/posts\/14147\/revisions"}],"predecessor-version":[{"id":14153,"href":"https:\/\/fetems.org.br\/fetems\/wp-json\/wp\/v2\/posts\/14147\/revisions\/14153"}],"wp:featuredmedia":[{"embeddable":true,"href":"https:\/\/fetems.org.br\/fetems\/wp-json\/wp\/v2\/media\/14148"}],"wp:attachment":[{"href":"https:\/\/fetems.org.br\/fetems\/wp-json\/wp\/v2\/media?parent=14147"}],"wp:term":[{"taxonomy":"category","embeddable":true,"href":"https:\/\/fetems.org.br\/fetems\/wp-json\/wp\/v2\/categories?post=14147"},{"taxonomy":"post_tag","embeddable":true,"href":"https:\/\/fetems.org.br\/fetems\/wp-json\/wp\/v2\/tags?post=14147"}],"curies":[{"name":"wp","href":"https:\/\/api.w.org\/{rel}","templated":true}]}}