{"id":14215,"date":"2022-09-12T10:28:59","date_gmt":"2022-09-12T13:28:59","guid":{"rendered":"https:\/\/fetems.org.br\/fetems\/?p=14215"},"modified":"2025-01-13T09:53:14","modified_gmt":"2025-01-13T12:53:14","slug":"centenario-de-paulo-freire-vai-debater-modelo-politico-alternativo-a-onda-de-privatizacao-da-educacao","status":"publish","type":"post","link":"https:\/\/fetems.org.br\/fetems\/centenario-de-paulo-freire-vai-debater-modelo-politico-alternativo-a-onda-de-privatizacao-da-educacao\/","title":{"rendered":"Centen\u00e1rio de Paulo Freire vai debater modelo pol\u00edtico alternativo \u00e0 onda de privatiza\u00e7\u00e3o da educa\u00e7\u00e3o"},"content":{"rendered":"\n<p>Nos pr\u00f3ximos dias 17,18,19 e 20 de setembro, em Recife (PE), na celebra\u00e7\u00e3o do Centen\u00e1rio de Paulo Freire, trabalhadores\/as da educa\u00e7\u00e3o do mundo todo v\u00e3o debater, entre outros temas, um modelo pol\u00edtico educativo alternativo \u00e0 onda de privatiza\u00e7\u00e3o da educa\u00e7\u00e3o, que est\u00e1 acontecendo no mundo todo.<\/p>\n\n\n\n<p><strong><a rel=\"noreferrer noopener\" href=\"https:\/\/fnpe.com.br\/centenariopaulofreire\/2022\/08\/01\/veja-a-nova-programacao-da-celebracao-do-centenario-de-paulo-freire\/\" target=\"_blank\"><br><\/a><\/strong>A vice-presidente da Internacional da Educa\u00e7\u00e3o para a Am\u00e9rica Latina (IEAL) e da Confedera\u00e7\u00e3o Nacional dos Trabalhadores em Educa\u00e7\u00e3o (CNTE), F\u00e1tima Silva,\u00a0relata que educadores e educadoras do Brasil, Am\u00e9rica Latina e do mundo estar\u00e3o em Recife para celebrar o centen\u00e1rio de Paulo Freire e para vivenciar o legado dele como inspira\u00e7\u00e3o para o debate sobre educa\u00e7\u00e3o p\u00fablica.<br><br>\u201cComo Paulo Freire dizia, o educador muda a vida das pessoas e as pessoas modificam o mundo. Por estarmos no estado onde ele nasceu e viveu, e onde ele come\u00e7ou sua vida profissional, \u00e9 importante ressaltar o legado deste grande educador pernambucano e quanto \u00e9 importante para a educa\u00e7\u00e3o p\u00fablica no mundo\u201d, reflete a dirigente.<\/p>\n\n\n\n<p><strong>Combate \u00e0 privatiza\u00e7\u00e3o da educa\u00e7\u00e3o<\/strong><\/p>\n\n\n\n<p>O coordenador regional da IEAL, Combertty Rodr\u00edguez, estar\u00e1 presente na celebra\u00e7\u00e3o. \u201cPaulo Freire tem uma proposta de a\u00e7\u00e3o educativa e coloca como quest\u00e3o central a pol\u00edtica p\u00fablica de educa\u00e7\u00e3o inclusiva e que pode combater de fato a onda privatista da educa\u00e7\u00e3o. O pensamento do patrono da educa\u00e7\u00e3o vai nos inspirar para pensarmos como organizar pol\u00edticas neste movimento pedag\u00f3gico em cada um dos pa\u00edses\u201d, afirmou.<\/p>\n\n\n\n<p>Para ele, \u00e9 importante criar coletivamente um conjunto de a\u00e7\u00f5es contra a privatiza\u00e7\u00e3o e comercializa\u00e7\u00e3o da educa\u00e7\u00e3o que est\u00e3o acontecendo no mundo com o objetivo de eliminar a presen\u00e7a do estado e a alterar a defini\u00e7\u00e3o de uma pol\u00edtica educativa que tenha no fundo o interesse pelo lucro.<\/p>\n\n\n\n<p>Segundo Combertty, a celebra\u00e7\u00e3o tamb\u00e9m tem o objetivo de alertar sobre o que est\u00e1 acontecendo com a educa\u00e7\u00e3o no mundo e juntos articular a n\u00edvel mundial uma forma de combater, o que ele chama de privatiza\u00e7\u00e3o e a comercializa\u00e7\u00e3o da educa\u00e7\u00e3o.<\/p>\n\n\n\n<p>\u201cA gente precisa se organizar para defender uma educa\u00e7\u00e3o p\u00fablica de qualidade, inclusiva e debatida com toda a comunidade escolar, trabalhadores, trabalhadoras, alunos e alunas. E n\u00e3o tem ningu\u00e9m melhor para nos inspirar que Paulo Freire\u201d, destacou Combertty, que finalizou: \u201cAs expectativas desta celebra\u00e7\u00e3o \u00e9 refor\u00e7ar com todas as nossas organiza\u00e7\u00f5es filiadas o pensamento de Paulo Freire e adotar esta reflex\u00e3o como central para que seja discutida em cada um dos pa\u00edses como inspira\u00e7\u00e3o para organizar pol\u00edticas deste movimento pedag\u00f3gico\u201d, finalizou Combertty.<\/p>\n\n\n\n<p><strong>Dia 19\/09 &#8211; Plen\u00e1ria Popular de Educa\u00e7\u00e3o<\/strong><\/p>\n\n\n\n<p>No dia 19 de setembro, o foco da celebra\u00e7\u00e3o do Centen\u00e1rio de Paulo Freire ser\u00e1 na Universidade Federal de Pernambuco, onde o patrono da educa\u00e7\u00e3o fez a sua primeira gradua\u00e7\u00e3o e tamb\u00e9m come\u00e7ou a dar aulas. A&nbsp;<strong><a href=\"https:\/\/www.cnte.org.br\/index.php\/menu\/comunicacao\/posts\/noticias\/75266-plenaria-mundial-da-educacao-vai-defender-memoria-de-paulo-freire-o-patrono-da-educacao-no-brasil\" target=\"_blank\" rel=\"noreferrer noopener\">Plen\u00e1ria Popular de Educa\u00e7\u00e3o vai debater sobre educa\u00e7\u00e3o mundial<\/a><\/strong>, com representa\u00e7\u00e3o de todas as na\u00e7\u00f5es e exigir\u00e1 de todos os povos reflex\u00f5es profundas acerca da soberania de cada povo.<\/p>\n\n\n\n<p>No encerramento da atividade est\u00e1 prevista uma caminhada at\u00e9 a&nbsp;<strong><a href=\"https:\/\/www.cnte.org.br\/index.php\/menu\/comunicacao\/posts\/noticias\/69924-em-homenagem-dos-educadores-latino-americanos-estatua-de-paulo-freire-e-inaugurada-em-recife\" target=\"_blank\" rel=\"noreferrer noopener\">est\u00e1tua de Paulo Freire<\/a><\/strong>. O monumento fica na \u00e1rea do Lago do Cavouco, pr\u00f3ximo ao Col\u00e9gio de Aplica\u00e7\u00e3o e ao Centro de Educa\u00e7\u00e3o, dentro da universidade, na Av. dos Funcion\u00e1rios.<\/p>\n\n\n\n<p>No dia 19 ainda, ter\u00e1 apresenta\u00e7\u00e3o Cultural, debate sobre o legado de Paulo Freire na Educa\u00e7\u00e3o Mundial com a presen\u00e7a de trabalhadores e trabalhadoras da \u00c1frica, Europa e Am\u00e9rica Latina. Nita Freire, Eleite Santiago e S\u00e9rgio Haddad v\u00e3o falar sobre o legado de Paulo Freire na Educa\u00e7\u00e3o brasileira.<\/p>\n\n\n\n<p>Informa\u00e7\u00f5es: <a href=\"https:\/\/www.cnte.org.br\/index.php\/menu\/comunicacao\/posts\/noticias\/75338-centenario-de-paulo-freire-vai-debater-modelo-politico-alternativo-a-onda-de-privatizacao-da-educacao\" data-type=\"URL\" data-id=\"https:\/\/www.cnte.org.br\/index.php\/menu\/comunicacao\/posts\/noticias\/75338-centenario-de-paulo-freire-vai-debater-modelo-politico-alternativo-a-onda-de-privatizacao-da-educacao\">CNTE<\/a><\/p>\n\n\n\n<figure class=\"wp-block-image size-full\"><img loading=\"lazy\" decoding=\"async\" width=\"600\" height=\"450\" src=\"https:\/\/fetems.org.br\/fetems\/wp-content\/uploads\/2022\/09\/2022_09_09_site_paulo_freire.jpg\" alt=\"\" class=\"wp-image-14216\" srcset=\"https:\/\/fetems.org.br\/fetems\/wp-content\/uploads\/2022\/09\/2022_09_09_site_paulo_freire.jpg 600w, https:\/\/fetems.org.br\/fetems\/wp-content\/uploads\/2022\/09\/2022_09_09_site_paulo_freire-300x225.jpg 300w\" sizes=\"(max-width: 600px) 100vw, 600px\" \/><figcaption>Foto: arquivo CNTE<\/figcaption><\/figure>\n","protected":false},"excerpt":{"rendered":"<p>Nos pr\u00f3ximos dias 17,18,19 e 20 de setembro, em Recife (PE), na celebra\u00e7\u00e3o do Centen\u00e1rio de Paulo Freire, trabalhadores\/as da educa\u00e7\u00e3o do mundo todo v\u00e3o&#8230;<\/p>\n","protected":false},"author":4,"featured_media":14216,"comment_status":"open","ping_status":"open","sticky":true,"template":"","format":"standard","meta":{"footnotes":""},"categories":[86,1,26,18],"tags":[],"_links":{"self":[{"href":"https:\/\/fetems.org.br\/fetems\/wp-json\/wp\/v2\/posts\/14215"}],"collection":[{"href":"https:\/\/fetems.org.br\/fetems\/wp-json\/wp\/v2\/posts"}],"about":[{"href":"https:\/\/fetems.org.br\/fetems\/wp-json\/wp\/v2\/types\/post"}],"author":[{"embeddable":true,"href":"https:\/\/fetems.org.br\/fetems\/wp-json\/wp\/v2\/users\/4"}],"replies":[{"embeddable":true,"href":"https:\/\/fetems.org.br\/fetems\/wp-json\/wp\/v2\/comments?post=14215"}],"version-history":[{"count":1,"href":"https:\/\/fetems.org.br\/fetems\/wp-json\/wp\/v2\/posts\/14215\/revisions"}],"predecessor-version":[{"id":14217,"href":"https:\/\/fetems.org.br\/fetems\/wp-json\/wp\/v2\/posts\/14215\/revisions\/14217"}],"wp:featuredmedia":[{"embeddable":true,"href":"https:\/\/fetems.org.br\/fetems\/wp-json\/wp\/v2\/media\/14216"}],"wp:attachment":[{"href":"https:\/\/fetems.org.br\/fetems\/wp-json\/wp\/v2\/media?parent=14215"}],"wp:term":[{"taxonomy":"category","embeddable":true,"href":"https:\/\/fetems.org.br\/fetems\/wp-json\/wp\/v2\/categories?post=14215"},{"taxonomy":"post_tag","embeddable":true,"href":"https:\/\/fetems.org.br\/fetems\/wp-json\/wp\/v2\/tags?post=14215"}],"curies":[{"name":"wp","href":"https:\/\/api.w.org\/{rel}","templated":true}]}}