{"id":14232,"date":"2022-09-15T09:31:30","date_gmt":"2022-09-15T12:31:30","guid":{"rendered":"https:\/\/fetems.org.br\/fetems\/?p=14232"},"modified":"2025-01-13T09:53:45","modified_gmt":"2025-01-13T12:53:45","slug":"as-inscricoes-para-o-concurso-de-danca-do-sarau-sindical-e-cultural-dos-aposentadosas-da-fetems-serao-encerradas-nesta-sexta-feira-dia-16","status":"publish","type":"post","link":"https:\/\/fetems.org.br\/fetems\/as-inscricoes-para-o-concurso-de-danca-do-sarau-sindical-e-cultural-dos-aposentadosas-da-fetems-serao-encerradas-nesta-sexta-feira-dia-16\/","title":{"rendered":"Inscri\u00e7\u00f5es para o concurso de dan\u00e7a do Sarau Sindical e Cultural dos Aposentados(as) da FETEMS ser\u00e3o encerradas nesta sexta-feira, dia 16"},"content":{"rendered":"\n<p><\/p>\n\n\n\n<p>Organizado pela FETEMS, por meio da Secretaria dos Aposentados e Aposentadas da Federa\u00e7\u00e3o, o Sarau Sindical e Cultural dos Aposentados(as) realizar\u00e1 um concurso entre os(as) Aposentados(as) dos SIMTEDs filiados \u00e0 FETEMS no dia 23 de setembro e as inscri\u00e7\u00f5es seguem at\u00e9 amanh\u00e3, dia 16. <\/p>\n\n\n\n<p>As inscri\u00e7\u00f5es podem ser encaminhadas para o e-mail da Secretaria Geral da FETEMS: fetems@fetems.org.br<\/p>\n\n\n\n<p>A realiza\u00e7\u00e3o do evento ser\u00e1 no audit\u00f3rio da FETEMS, localizado na Rua 26 de Agosto n. 2296, Bairro Amamba\u00ed, em Campo Grande\/MS.<\/p>\n\n\n\n<p>Podem participar:<br>&#8211; Todos os sindicatos afiliados da FETEMS;<br>&#8211; Professores(as) e Administrativos da Educa\u00e7\u00e3o e que o grupo de dan\u00e7a tenha no m\u00ednimo 04 (quatro) componentes da ativa ou convidado(a). No entanto, a maioria tem que ser de Aposentados(as) Filiados(as).<\/p>\n\n\n\n<p>Importante &#8211; A banca julgadora ser\u00e1 formada por profissionais da \u00e1rea. <\/p>\n\n\n\n<p><strong>Anote ent\u00e3o:<\/strong> <strong>O Sarau Sindical e Cultural dos(as) Aposentados(as) ser\u00e1 realizado pela Fetems no dia 23 de setembro de forma h\u00edbrida, ou seja, no audit\u00f3rio da Fetems e tamb\u00e9m transmitido pela Plataforma Zoom e pelas Redes Sociais da FETEMS.<\/strong><\/p>\n\n\n\n<p>Um momento especial que est\u00e1 sendo preparado com muito carinho e aten\u00e7\u00e3o para os nossos aposentados(as) filiados(as) \u00e0 FETEMS. <\/p>\n\n\n\n<p><strong>Participe!!<\/strong><\/p>\n\n\n\n<figure class=\"wp-block-image size-full\"><img loading=\"lazy\" decoding=\"async\" width=\"1024\" height=\"1013\" src=\"https:\/\/fetems.org.br\/fetems\/wp-content\/uploads\/2022\/09\/WhatsApp-Image-2022-08-18-at-12.16.30-1024x1013-2.jpeg\" alt=\"\" class=\"wp-image-14233\" srcset=\"https:\/\/fetems.org.br\/fetems\/wp-content\/uploads\/2022\/09\/WhatsApp-Image-2022-08-18-at-12.16.30-1024x1013-2.jpeg 1024w, https:\/\/fetems.org.br\/fetems\/wp-content\/uploads\/2022\/09\/WhatsApp-Image-2022-08-18-at-12.16.30-1024x1013-2-300x297.jpeg 300w, https:\/\/fetems.org.br\/fetems\/wp-content\/uploads\/2022\/09\/WhatsApp-Image-2022-08-18-at-12.16.30-1024x1013-2-768x760.jpeg 768w\" sizes=\"(max-width: 1024px) 100vw, 1024px\" \/><\/figure>\n","protected":false},"excerpt":{"rendered":"<p>Organizado pela FETEMS, por meio da Secretaria dos Aposentados e Aposentadas da Federa\u00e7\u00e3o, o Sarau Sindical e Cultural dos Aposentados(as) realizar\u00e1 um concurso entre os(as)&#8230;<\/p>\n","protected":false},"author":4,"featured_media":14233,"comment_status":"open","ping_status":"open","sticky":true,"template":"","format":"standard","meta":{"footnotes":""},"categories":[41,1,26,18],"tags":[],"_links":{"self":[{"href":"https:\/\/fetems.org.br\/fetems\/wp-json\/wp\/v2\/posts\/14232"}],"collection":[{"href":"https:\/\/fetems.org.br\/fetems\/wp-json\/wp\/v2\/posts"}],"about":[{"href":"https:\/\/fetems.org.br\/fetems\/wp-json\/wp\/v2\/types\/post"}],"author":[{"embeddable":true,"href":"https:\/\/fetems.org.br\/fetems\/wp-json\/wp\/v2\/users\/4"}],"replies":[{"embeddable":true,"href":"https:\/\/fetems.org.br\/fetems\/wp-json\/wp\/v2\/comments?post=14232"}],"version-history":[{"count":6,"href":"https:\/\/fetems.org.br\/fetems\/wp-json\/wp\/v2\/posts\/14232\/revisions"}],"predecessor-version":[{"id":14375,"href":"https:\/\/fetems.org.br\/fetems\/wp-json\/wp\/v2\/posts\/14232\/revisions\/14375"}],"wp:featuredmedia":[{"embeddable":true,"href":"https:\/\/fetems.org.br\/fetems\/wp-json\/wp\/v2\/media\/14233"}],"wp:attachment":[{"href":"https:\/\/fetems.org.br\/fetems\/wp-json\/wp\/v2\/media?parent=14232"}],"wp:term":[{"taxonomy":"category","embeddable":true,"href":"https:\/\/fetems.org.br\/fetems\/wp-json\/wp\/v2\/categories?post=14232"},{"taxonomy":"post_tag","embeddable":true,"href":"https:\/\/fetems.org.br\/fetems\/wp-json\/wp\/v2\/tags?post=14232"}],"curies":[{"name":"wp","href":"https:\/\/api.w.org\/{rel}","templated":true}]}}