{"id":14315,"date":"2022-09-19T16:32:05","date_gmt":"2022-09-19T19:32:05","guid":{"rendered":"https:\/\/fetems.org.br\/fetems\/?p=14315"},"modified":"2025-01-13T09:53:43","modified_gmt":"2025-01-13T12:53:43","slug":"fetems-repudia-vereadoresas-de-itaquirai-que-votaram-pela-retirada-das-eleicoes-democraticas-nas-escolas-publicas","status":"publish","type":"post","link":"https:\/\/fetems.org.br\/fetems\/fetems-repudia-vereadoresas-de-itaquirai-que-votaram-pela-retirada-das-eleicoes-democraticas-nas-escolas-publicas\/","title":{"rendered":"FETEMS repudia vereadores(as) de Itaquira\u00ed que votaram pela retirada das elei\u00e7\u00f5es democr\u00e1ticas nas escolas p\u00fablicas"},"content":{"rendered":"\n<p><\/p>\n\n\n\n<p><\/p>\n\n\n\n<p>A FETEMS (Federa\u00e7\u00e3o dos Trabalhadores em Educa\u00e7\u00e3o de Mato Grosso do Sul) e os 74 sindicatos afiliados repudiam a atitude dos vereadores do munic\u00edpio de Itaquira\u00ed (MS) que aprovaram, dia 12 de setembro, o Projeto de Lei 005\/2022 que prev\u00ea o fim da elei\u00e7\u00e3o direta para Diretor(a) escolar, atrav\u00e9s do voto da comunidade escolar e que seja escolhido por \u201capadrinhamento\u201d pol\u00edtico.<\/p>\n\n\n\n<p>O FIM DAS ELEI\u00c7\u00d5ES DEMOCR\u00c1TICAS nas escolas municipais n\u00e3o permite que a popula\u00e7\u00e3o de Itaquira\u00ed escolha seus(as) representantes nas unidades escolares e impede que os(as) Professores(as) e Trabalhadores(as) Administrativos em Educa\u00e7\u00e3o sejam dirigentes escolares por op\u00e7\u00e3o de suas comunidades escolares.<\/p>\n\n\n\n<p>Os(as) vereadores(as) de Itaquira\u00ed deveriam estar preocupados(as) com o Plano Nacional de Educa\u00e7\u00e3o (PNE) que possui prazos claros em rela\u00e7\u00e3o ao cumprimento das suas 20 metas e que de fato representa avan\u00e7os na qualidade do ensino, ao inv\u00e9s de retroceder acabando com a Gest\u00e3o Democr\u00e1tica, deveriam avan\u00e7ar.<\/p>\n\n\n\n<p>O fim das elei\u00e7\u00f5es para dirigentes escolares no munic\u00edpio de Itaquira\u00ed \u00e9 um retrocesso, falta de democracia e desrespeito com a comunidade escolar. A FETEMS e os 74 sindicatos afiliados fazem quest\u00e3o de nominar os agentes pol\u00edticos ora repudiados por esse ato antidemocr\u00e1tico: Prefeito Thalles Henrique Tomazelli e os(as) vereadores(as): Ariadne Simone Gheller, Maria Aparecida Bueno (Maria da Bello), Valdiney Gubert, C\u00edcero Camilo da Rocha, Carlos Alberto Prado (Careca) e Diuqueblea In\u00eas da Silva Ismail (Vereadora Diu).<\/p>\n\n\n\n<p><strong>FETEMS por uma Educa\u00e7\u00e3o P\u00fablica, Democr\u00e1tica, Laica, de Qualidade e de Direito!<br>Dire\u00e7\u00e3o da FETEMS e seus 74 Sindicatos afiliados!<\/strong><\/p>\n\n\n\n<figure class=\"wp-block-image size-large\"><img loading=\"lazy\" decoding=\"async\" width=\"1024\" height=\"507\" src=\"https:\/\/fetems.org.br\/fetems\/wp-content\/uploads\/2022\/09\/WhatsApp-Image-2022-09-19-at-15.27.30-1024x507.jpeg\" alt=\"\" class=\"wp-image-14316\" srcset=\"https:\/\/fetems.org.br\/fetems\/wp-content\/uploads\/2022\/09\/WhatsApp-Image-2022-09-19-at-15.27.30-1024x507.jpeg 1024w, https:\/\/fetems.org.br\/fetems\/wp-content\/uploads\/2022\/09\/WhatsApp-Image-2022-09-19-at-15.27.30-300x149.jpeg 300w, https:\/\/fetems.org.br\/fetems\/wp-content\/uploads\/2022\/09\/WhatsApp-Image-2022-09-19-at-15.27.30-768x380.jpeg 768w, https:\/\/fetems.org.br\/fetems\/wp-content\/uploads\/2022\/09\/WhatsApp-Image-2022-09-19-at-15.27.30.jpeg 1280w\" sizes=\"(max-width: 1024px) 100vw, 1024px\" \/><\/figure>\n","protected":false},"excerpt":{"rendered":"<p>A FETEMS (Federa\u00e7\u00e3o dos Trabalhadores em Educa\u00e7\u00e3o de Mato Grosso do Sul) e os 74 sindicatos afiliados repudiam a atitude dos vereadores do munic\u00edpio de&#8230;<\/p>\n","protected":false},"author":4,"featured_media":14316,"comment_status":"open","ping_status":"open","sticky":true,"template":"","format":"standard","meta":{"footnotes":""},"categories":[1,26,18],"tags":[],"_links":{"self":[{"href":"https:\/\/fetems.org.br\/fetems\/wp-json\/wp\/v2\/posts\/14315"}],"collection":[{"href":"https:\/\/fetems.org.br\/fetems\/wp-json\/wp\/v2\/posts"}],"about":[{"href":"https:\/\/fetems.org.br\/fetems\/wp-json\/wp\/v2\/types\/post"}],"author":[{"embeddable":true,"href":"https:\/\/fetems.org.br\/fetems\/wp-json\/wp\/v2\/users\/4"}],"replies":[{"embeddable":true,"href":"https:\/\/fetems.org.br\/fetems\/wp-json\/wp\/v2\/comments?post=14315"}],"version-history":[{"count":7,"href":"https:\/\/fetems.org.br\/fetems\/wp-json\/wp\/v2\/posts\/14315\/revisions"}],"predecessor-version":[{"id":14327,"href":"https:\/\/fetems.org.br\/fetems\/wp-json\/wp\/v2\/posts\/14315\/revisions\/14327"}],"wp:featuredmedia":[{"embeddable":true,"href":"https:\/\/fetems.org.br\/fetems\/wp-json\/wp\/v2\/media\/14316"}],"wp:attachment":[{"href":"https:\/\/fetems.org.br\/fetems\/wp-json\/wp\/v2\/media?parent=14315"}],"wp:term":[{"taxonomy":"category","embeddable":true,"href":"https:\/\/fetems.org.br\/fetems\/wp-json\/wp\/v2\/categories?post=14315"},{"taxonomy":"post_tag","embeddable":true,"href":"https:\/\/fetems.org.br\/fetems\/wp-json\/wp\/v2\/tags?post=14315"}],"curies":[{"name":"wp","href":"https:\/\/api.w.org\/{rel}","templated":true}]}}