{"id":14328,"date":"2022-09-21T11:42:07","date_gmt":"2022-09-21T14:42:07","guid":{"rendered":"https:\/\/fetems.org.br\/fetems\/?p=14328"},"modified":"2025-01-13T09:53:42","modified_gmt":"2025-01-13T12:53:42","slug":"carta-xvii-eneja-florianopolis-santa-catarina","status":"publish","type":"post","link":"https:\/\/fetems.org.br\/fetems\/carta-xvii-eneja-florianopolis-santa-catarina\/","title":{"rendered":"FETEMS em apoio ao movimento dos F\u00f3runs de Educa\u00e7\u00e3o de Jovens e adultos (EJA) \u2013 pelo direito ao acesso \u00e0 educa\u00e7\u00e3o j\u00e1!"},"content":{"rendered":"\n<p><\/p>\n\n\n\n<p>A FETEMS (Federa\u00e7\u00e3o dos Trabalhadores em Educa\u00e7\u00e3o de Mato Grosso do Sul) se une \u00e0s bandeiras de lutas do movimento dos F\u00f3runs de Educa\u00e7\u00e3o de Jovens e adultos (EJA) do Brasil por um pa\u00eds mais justo e pelo fim das desigualdades. Precisamos nos unir em defesa da classe trabalhadora, que n\u00e3o tem vez e nem voz neste pa\u00eds. S\u00e3o 11 milh\u00f5es de pessoas acima de 15 anos de idade que n\u00e3o foram alfabetizadas e, em torno de 70 milh\u00f5es de jovens, adultas e idosas que n\u00e3o conclu\u00edram a Educa\u00e7\u00e3o B\u00e1sica. \u00c9 preciso dar um basta ao capitalismo que apenas explora e n\u00e3o d\u00e1 o m\u00ednimo de oportunidade \u00e0 sua popula\u00e7\u00e3o.<\/p>\n\n\n\n<p>\u201cA FETEMS, em seus 43 anos de exist\u00eancia sempre colocou a educa\u00e7\u00e3o como prioridade, oportunizando, defendendo e lutando por uma educa\u00e7\u00e3o p\u00fablica democr\u00e1tica, laica e de qualidade. Educa\u00e7\u00e3o \u00e9 um direito de todos, todas e todes e um dever dos governantes a oportunizarem de maneira justa e eficiente. Acreditamos que ser\u00e1 poss\u00edvel vivermos dignamente quando houver justi\u00e7a social e a verdadeira valoriza\u00e7\u00e3o do trabalhador e da trabalhadora neste pa\u00eds\u201d, destaca a presidenta da Fetems, Deumeires Morais.<\/p>\n\n\n\n<p>Segue em anexo as Cartas retiradas durante o XVII Encontro Nacional de Educa\u00e7\u00e3o de Jovens e adultos (Eneja), em Florian\u00f3polis nos dias 4 a 7 de agosto.<\/p>\n\n\n\n<p><strong>Junte-se a n\u00f3s nesta luta que \u00e9 de todas, todos e todes da classe trabalhadora!<\/strong><\/p>\n\n\n\n<figure class=\"wp-block-image size-full\"><img loading=\"lazy\" decoding=\"async\" width=\"914\" height=\"600\" src=\"https:\/\/fetems.org.br\/fetems\/wp-content\/uploads\/2022\/09\/WhatsApp-Image-2022-09-21-at-14.43.08.jpeg\" alt=\"\" class=\"wp-image-14344\" srcset=\"https:\/\/fetems.org.br\/fetems\/wp-content\/uploads\/2022\/09\/WhatsApp-Image-2022-09-21-at-14.43.08.jpeg 914w, https:\/\/fetems.org.br\/fetems\/wp-content\/uploads\/2022\/09\/WhatsApp-Image-2022-09-21-at-14.43.08-300x197.jpeg 300w, https:\/\/fetems.org.br\/fetems\/wp-content\/uploads\/2022\/09\/WhatsApp-Image-2022-09-21-at-14.43.08-768x504.jpeg 768w\" sizes=\"(max-width: 914px) 100vw, 914px\" \/><\/figure>\n\n\n\n<div data-wp-interactive=\"core\/file\" class=\"wp-block-file\"><object data-wp-bind--hidden=\"!state.hasPdfPreview\"  class=\"wp-block-file__embed\" data=\"https:\/\/fetems.org.br\/fetems\/wp-content\/uploads\/2022\/09\/Carta-do-XVII-ENEJA-de-Florianopolis-aos-trabalhadores-da-educacao.pdf\" type=\"application\/pdf\" style=\"width:100%;height:600px\" aria-label=\"Incorporado de Incorporado de Carta-do-XVII-ENEJA-de-Florianopolis-aos-trabalhadores-da-educacao..\"><\/object><a id=\"wp-block-file--media-78d4b19d-3fed-4eef-916e-e03214118553\" href=\"https:\/\/fetems.org.br\/fetems\/wp-content\/uploads\/2022\/09\/Carta-do-XVII-ENEJA-de-Florianopolis-aos-trabalhadores-da-educacao.pdf\">Carta-do-XVII-ENEJA-de-Florianopolis-aos-trabalhadores-da-educacao<\/a><a href=\"https:\/\/fetems.org.br\/fetems\/wp-content\/uploads\/2022\/09\/Carta-do-XVII-ENEJA-de-Florianopolis-aos-trabalhadores-da-educacao.pdf\" class=\"wp-block-file__button\" download aria-describedby=\"wp-block-file--media-78d4b19d-3fed-4eef-916e-e03214118553\">Baixar<\/a><\/div>\n\n\n\n<div data-wp-interactive=\"core\/file\" class=\"wp-block-file\"><object data-wp-bind--hidden=\"!state.hasPdfPreview\"  class=\"wp-block-file__embed\" data=\"https:\/\/fetems.org.br\/fetems\/wp-content\/uploads\/2022\/09\/Carta-do-XVII-ENEJA-de-Florianopolis-educandas-1.pdf\" type=\"application\/pdf\" style=\"width:100%;height:600px\" aria-label=\"Incorporado de Incorporado de Carta-do-XVII-ENEJA-de-Florianopolis-educandas-1..\"><\/object><a id=\"wp-block-file--media-bcfa8929-6a86-469c-8abb-67aa688c8f7c\" href=\"https:\/\/fetems.org.br\/fetems\/wp-content\/uploads\/2022\/09\/Carta-do-XVII-ENEJA-de-Florianopolis-educandas-1.pdf\">Carta-do-XVII-ENEJA-de-Florianopolis-educandas-1<\/a><a href=\"https:\/\/fetems.org.br\/fetems\/wp-content\/uploads\/2022\/09\/Carta-do-XVII-ENEJA-de-Florianopolis-educandas-1.pdf\" class=\"wp-block-file__button\" download aria-describedby=\"wp-block-file--media-bcfa8929-6a86-469c-8abb-67aa688c8f7c\">Baixar<\/a><\/div>\n","protected":false},"excerpt":{"rendered":"<p>A FETEMS (Federa\u00e7\u00e3o dos Trabalhadores em Educa\u00e7\u00e3o de Mato Grosso do Sul) se une \u00e0s bandeiras de lutas do movimento dos F\u00f3runs de Educa\u00e7\u00e3o de&#8230;<\/p>\n","protected":false},"author":4,"featured_media":14344,"comment_status":"open","ping_status":"open","sticky":true,"template":"","format":"standard","meta":{"footnotes":""},"categories":[1,26,18],"tags":[],"_links":{"self":[{"href":"https:\/\/fetems.org.br\/fetems\/wp-json\/wp\/v2\/posts\/14328"}],"collection":[{"href":"https:\/\/fetems.org.br\/fetems\/wp-json\/wp\/v2\/posts"}],"about":[{"href":"https:\/\/fetems.org.br\/fetems\/wp-json\/wp\/v2\/types\/post"}],"author":[{"embeddable":true,"href":"https:\/\/fetems.org.br\/fetems\/wp-json\/wp\/v2\/users\/4"}],"replies":[{"embeddable":true,"href":"https:\/\/fetems.org.br\/fetems\/wp-json\/wp\/v2\/comments?post=14328"}],"version-history":[{"count":4,"href":"https:\/\/fetems.org.br\/fetems\/wp-json\/wp\/v2\/posts\/14328\/revisions"}],"predecessor-version":[{"id":14345,"href":"https:\/\/fetems.org.br\/fetems\/wp-json\/wp\/v2\/posts\/14328\/revisions\/14345"}],"wp:featuredmedia":[{"embeddable":true,"href":"https:\/\/fetems.org.br\/fetems\/wp-json\/wp\/v2\/media\/14344"}],"wp:attachment":[{"href":"https:\/\/fetems.org.br\/fetems\/wp-json\/wp\/v2\/media?parent=14328"}],"wp:term":[{"taxonomy":"category","embeddable":true,"href":"https:\/\/fetems.org.br\/fetems\/wp-json\/wp\/v2\/categories?post=14328"},{"taxonomy":"post_tag","embeddable":true,"href":"https:\/\/fetems.org.br\/fetems\/wp-json\/wp\/v2\/tags?post=14328"}],"curies":[{"name":"wp","href":"https:\/\/api.w.org\/{rel}","templated":true}]}}