{"id":14576,"date":"2022-10-04T09:41:02","date_gmt":"2022-10-04T12:41:02","guid":{"rendered":"https:\/\/fetems.org.br\/fetems\/?p=14576"},"modified":"2025-01-13T09:53:39","modified_gmt":"2025-01-13T12:53:39","slug":"participe-da-2-edicao-da-geappa-power","status":"publish","type":"post","link":"https:\/\/fetems.org.br\/fetems\/participe-da-2-edicao-da-geappa-power\/","title":{"rendered":"Participe da 2 edi\u00e7\u00e3o da Geappa Power"},"content":{"rendered":"\n<h3 class=\"wp-block-heading\">Sobre o evento<\/h3>\n\n\n\n<p>A 2\u00ba edi\u00e7\u00e3o do GEAPPA POWER integra as atividades desenvolvidas no Grupo de Estudos e Apoio a Profissionais e Pais de Autistas \u2013 GEAPPA, que \u00e9 um projeto de extens\u00e3o, da Faculdade de Educa\u00e7\u00e3o da Universidade Federal da Grande Dourados \u2013 UFGD e fomenta estudos, leituras e pesquisas direcionados a temas relacionados ao Transtorno do Espectro do Autismo \u2013 TEA.&nbsp;<\/p>\n\n\n\n<p>As atividades consistem na realiza\u00e7\u00e3o de tr\u00eas palestras, que ocorrer\u00e3o de forma remota entre os dias 4 e 6 de outubro de 2022, no per\u00edodo noturno, e ser\u00e3o transmitidas via Plataforma online do YouTube.&nbsp;<\/p>\n\n\n\n<p>Todo o evento ser\u00e1 transmitido no canal do Grupo de Estudos e Pesquisas em Educa\u00e7\u00e3o Especial (GEPES) dispon\u00edvel no Youtube.<\/p>\n\n\n\n<p>Youtube:&nbsp;<a rel=\"noreferrer noopener\" href=\"https:\/\/www.youtube.com\/channel\/UCsR5TcD1OkQR8Gobln6LQGw\" target=\"_blank\">GEPES UFGD<\/a><\/p>\n\n\n\n<p>Instagram:&nbsp;<a rel=\"noreferrer noopener\" href=\"https:\/\/www.instagram.com\/geappaufgd\" target=\"_blank\">@geappaufgd<\/a><\/p>\n\n\n\n<figure class=\"wp-block-image size-large\"><img loading=\"lazy\" decoding=\"async\" width=\"1024\" height=\"410\" src=\"https:\/\/fetems.org.br\/fetems\/wp-content\/uploads\/2022\/10\/geappa-03.c651d4faf4384fa7800c-1024x410.webp\" alt=\"\" class=\"wp-image-14577\" srcset=\"https:\/\/fetems.org.br\/fetems\/wp-content\/uploads\/2022\/10\/geappa-03.c651d4faf4384fa7800c-1024x410.webp 1024w, https:\/\/fetems.org.br\/fetems\/wp-content\/uploads\/2022\/10\/geappa-03.c651d4faf4384fa7800c-300x120.webp 300w, https:\/\/fetems.org.br\/fetems\/wp-content\/uploads\/2022\/10\/geappa-03.c651d4faf4384fa7800c-768x307.webp 768w, https:\/\/fetems.org.br\/fetems\/wp-content\/uploads\/2022\/10\/geappa-03.c651d4faf4384fa7800c.webp 1100w\" sizes=\"(max-width: 1024px) 100vw, 1024px\" \/><\/figure>\n","protected":false},"excerpt":{"rendered":"<p>Sobre o evento A 2\u00ba edi\u00e7\u00e3o do GEAPPA POWER integra as atividades desenvolvidas no Grupo de Estudos e Apoio a Profissionais e Pais de Autistas&#8230;<\/p>\n","protected":false},"author":4,"featured_media":14577,"comment_status":"open","ping_status":"open","sticky":true,"template":"","format":"standard","meta":{"footnotes":""},"categories":[26,18],"tags":[],"_links":{"self":[{"href":"https:\/\/fetems.org.br\/fetems\/wp-json\/wp\/v2\/posts\/14576"}],"collection":[{"href":"https:\/\/fetems.org.br\/fetems\/wp-json\/wp\/v2\/posts"}],"about":[{"href":"https:\/\/fetems.org.br\/fetems\/wp-json\/wp\/v2\/types\/post"}],"author":[{"embeddable":true,"href":"https:\/\/fetems.org.br\/fetems\/wp-json\/wp\/v2\/users\/4"}],"replies":[{"embeddable":true,"href":"https:\/\/fetems.org.br\/fetems\/wp-json\/wp\/v2\/comments?post=14576"}],"version-history":[{"count":1,"href":"https:\/\/fetems.org.br\/fetems\/wp-json\/wp\/v2\/posts\/14576\/revisions"}],"predecessor-version":[{"id":14578,"href":"https:\/\/fetems.org.br\/fetems\/wp-json\/wp\/v2\/posts\/14576\/revisions\/14578"}],"wp:featuredmedia":[{"embeddable":true,"href":"https:\/\/fetems.org.br\/fetems\/wp-json\/wp\/v2\/media\/14577"}],"wp:attachment":[{"href":"https:\/\/fetems.org.br\/fetems\/wp-json\/wp\/v2\/media?parent=14576"}],"wp:term":[{"taxonomy":"category","embeddable":true,"href":"https:\/\/fetems.org.br\/fetems\/wp-json\/wp\/v2\/categories?post=14576"},{"taxonomy":"post_tag","embeddable":true,"href":"https:\/\/fetems.org.br\/fetems\/wp-json\/wp\/v2\/tags?post=14576"}],"curies":[{"name":"wp","href":"https:\/\/api.w.org\/{rel}","templated":true}]}}