{"id":14744,"date":"2022-11-16T14:37:33","date_gmt":"2022-11-16T17:37:33","guid":{"rendered":"https:\/\/fetems.org.br\/fetems\/?p=14744"},"modified":"2025-01-13T09:54:34","modified_gmt":"2025-01-13T12:54:34","slug":"fetems-realiza-seminario-de-combate-ao-racismo-com-o-tema-nao-ha-democracia-sem-igualdade-racial-no-dia-17-de-novembro","status":"publish","type":"post","link":"https:\/\/fetems.org.br\/fetems\/fetems-realiza-seminario-de-combate-ao-racismo-com-o-tema-nao-ha-democracia-sem-igualdade-racial-no-dia-17-de-novembro\/","title":{"rendered":"FETEMS realiza Semin\u00e1rio de Combate ao Racismo com o tema \u201cN\u00e3o h\u00e1 Democracia sem Igualdade Racial\u201d, no dia 17 de novembro"},"content":{"rendered":"\n<p><\/p>\n\n\n\n<p>Para marcar o m\u00eas da Consci\u00eancia Negra, a FETEMS (Federa\u00e7\u00e3o dos Trabalhadores em Educa\u00e7\u00e3o de Mato Grosso do Sul) realizar\u00e1 no dia 17 de novembro, das 08h \u00e0s 17h, no Audit\u00f3rio da Federa\u00e7\u00e3o, o Semin\u00e1rio de Combate ao Racismo com o tema \u201cN\u00e3o h\u00e1 Democracia sem Igualdade Racial\u201d.<br>\u201cA FETEMS anualmente realiza v\u00e1rios Semin\u00e1rios promovendo o debate entre os(as) Profissionais em Educa\u00e7\u00e3o. O Semin\u00e1rio de Combate ao Racismo tem o objetivo de debater sobre as quest\u00f5es raciais em Mato Grosso do Sul e no Brasil e a import\u00e2ncia da luta sindical contra o racismo e fortalecer os movimentos sindicais e sociais que atuam na defesa do povo negro\u201d, disse o Presidente da FETEMS, Professor Jaime Teixeira.<br>\u201cO nosso Semin\u00e1rio de Combate ao Racismo proporcionar\u00e1 o debate do empoderamento da mulher negra que \u00e9 a mais afetada com a discrimina\u00e7\u00e3o racial e de reunir a nossa categoria independente de ra\u00e7as e cores sem discrimina\u00e7\u00e3o para falarmos sobre a desigualdade e o combate ao racismo\u201d, enfatizou Leul\u00e2nia Cruz de Matos (Secret\u00e1ria de Combate ao Racismo da FETEMS).<br>O Semin\u00e1rio de Combate ao Racismo com o tema \u201cN\u00e3o h\u00e1 Democracia sem Igualdade Racial\u201d ter\u00e1 in\u00edcio \u00e0s 08 horas com apresenta\u00e7\u00e3o cultural.<\/p>\n\n\n\n<p><br><strong>A primeira mesa do per\u00edodo matutino ter\u00e1 como palestrantes:<\/strong><br>Professor Dr Mario Teixeira de S\u00e1 Junior (Graduado em Hist\u00f3ria (UFF\/RJ), Mestre em Hist\u00f3ria (UFMS), Doutor em Hist\u00f3ria (UNESP), P\u00f3s Doutor em Antropologia (UFMS) que trar\u00e1 os temas de pesquisa: Religi\u00f5es afro-brasileiras, ra\u00e7a e Direitos Humanos.<br>Professor da Fadir e PPGant UFGD) que ministrar\u00e1 o tema \u201cTodo cambur\u00e3o tem um pouco de navio negreiro.\u201d<br>Advogada Camila Torres Cesar (Doutoranda em Direitos Humanos (Faculdade de Direito da USP). Mestre em Direito Pol\u00edtico (Universidade Presbiteriana Mackenzie &#8211; UPM\/SP). Membro das Comiss\u00f5es do Quinto Constitucional e de Pol\u00edtica Criminal e Penitenci\u00e1ria da OAB\/SP. Coordenadora Nacional Acessibilidade do IBCCrim &#8211; Instituto Brasileiro de Ci\u00eancias Criminais. Consultora em DE&amp;I. Colaboradora volunt\u00e1ria do Projeto Incluir Direito USP. Cofundadora do Instituto Forma\u00e7\u00e3o Antirracista) que palestrar\u00e1 o tema \u201cCrian\u00e7as negras e trabalho infantil no Brasil.\u201d<\/p>\n\n\n\n<p><br><strong>No per\u00edodo vespertino a segunda mesa ter\u00e1 como palestrantes:<\/strong><br>Professora Dr\u00aa C\u00edntia Santos Diallo (P\u00f3s-doutora em Educa\u00e7\u00e3o (UFMS\/CPAN\/2019), doutora em Hist\u00f3ria (UFGD\/2017), mestre em Educa\u00e7\u00e3o (UNISUL\/2005), licenciada em Hist\u00f3ria e Pedagogia, docente efetiva da Universidade Estadual de Mato Grosso do Sul, Coordenadora Centro de Estudos, Pesquisa e Extens\u00e3o em Educa\u00e7\u00e3o, G\u00eanero, Ra\u00e7a e Etnia\/ CEPEGRE-UEMS. Presidente da Comiss\u00e3o de Verifica\u00e7\u00e3o Fenot\u00edpica\/UEMS. Membro da Associa\u00e7\u00e3o Brasileira de Pesquisadores\/as Negros\/as. Membro da Associa\u00e7\u00e3o Internacional dos Pesquisadores Latino-americanos e Caribenhos. Pesquisadora C\u00e1tedra UNESCO\/UFGD. Vice-l\u00edder do GEPEGRE\/CNPq. \u00c1rea de Pesquisa: Ensino de Hist\u00f3ria da \u00c1frica, Educa\u00e7\u00e3o das Rela\u00e7\u00f5es \u00c9tnico-raciais, Feminismo Negro, A\u00e7\u00f5es Afirmativas) que palestrar\u00e1 sobre o tema \u201cEduca\u00e7\u00e3o antirracista: conquistas e desafios.\u201d<br>Advogada Bianca Cavalcante Oliveira (Advogada, especialista em Direito das Mulheres e Pr\u00e1ticas da Advocacia Feminista pela Escola Superior de Direito. Mestranda em Fronteiras e Direitos Humanos pela Universidade Federal da Grande Dourados (UFGD). Cofundadora do coletivo feminista \u201cEmpoderamento Feminino&#8221;. Atualmente \u00e9 assessora jur\u00eddica do N\u00facleo Institucional de Promo\u00e7\u00e3o e Defesa dos Povos Ind\u00edgenas e da Igualdade Racial e \u00c9tnica (NUPIIR) da Defensoria P\u00fablica do estado de Mato Grosso do Sul) e ministrar\u00e1 sobre o tema \u201cOs desafios da juventude negra diante de uma sociedade culturalmente racista.\u201d<br>Professora I\u00eada Leal (Graduada em Pedagogia\/PUC GO, Especialista em Me\u0301todos Te\u0301cnicas de Ensino pela Universidade Salgado de Oliveira. Ativista do Movimento Negro e do Movimento Sindical. Atualmente Secreta\u0301ria de Combate ao Racismo da CNTE; Secretaria de Comunica\u00e7\u00e3o da CUT GO; Conselheira do Conselho Estadual de Educa\u00e7\u00e3o de Goia\u0301s\/CEE-GO; Coordenadora do Centro de Refere\u0302ncia Negra Le\u0301lia Gonza\u0301les; a atual Coordenadora Nacional do MNU &#8211; Movimento Negro Unificado. Mora na cidade de Goi\u00e2nia \/GO) e que falar\u00e1 sobre o tema \u201cRecontar a hist\u00f3ria pela mem\u00f3ria da popula\u00e7\u00e3o negra.\u201d<\/p>\n\n\n\n<p><\/p>\n\n\n\n<p><\/p>\n\n\n\n<figure class=\"wp-block-image size-full\"><img loading=\"lazy\" decoding=\"async\" width=\"1024\" height=\"487\" src=\"https:\/\/fetems.org.br\/fetems\/wp-content\/uploads\/2022\/11\/WhatsApp-Image-2022-11-04-at-08.20.00.jpeg\" alt=\"\" class=\"wp-image-14745\" srcset=\"https:\/\/fetems.org.br\/fetems\/wp-content\/uploads\/2022\/11\/WhatsApp-Image-2022-11-04-at-08.20.00.jpeg 1024w, https:\/\/fetems.org.br\/fetems\/wp-content\/uploads\/2022\/11\/WhatsApp-Image-2022-11-04-at-08.20.00-300x143.jpeg 300w, https:\/\/fetems.org.br\/fetems\/wp-content\/uploads\/2022\/11\/WhatsApp-Image-2022-11-04-at-08.20.00-768x365.jpeg 768w\" sizes=\"(max-width: 1024px) 100vw, 1024px\" \/><\/figure>\n","protected":false},"excerpt":{"rendered":"<p>Para marcar o m\u00eas da Consci\u00eancia Negra, a FETEMS (Federa\u00e7\u00e3o dos Trabalhadores em Educa\u00e7\u00e3o de Mato Grosso do Sul) realizar\u00e1 no dia 17 de novembro,&#8230;<\/p>\n","protected":false},"author":3,"featured_media":14746,"comment_status":"open","ping_status":"open","sticky":false,"template":"","format":"standard","meta":{"footnotes":""},"categories":[89,26,18],"tags":[],"_links":{"self":[{"href":"https:\/\/fetems.org.br\/fetems\/wp-json\/wp\/v2\/posts\/14744"}],"collection":[{"href":"https:\/\/fetems.org.br\/fetems\/wp-json\/wp\/v2\/posts"}],"about":[{"href":"https:\/\/fetems.org.br\/fetems\/wp-json\/wp\/v2\/types\/post"}],"author":[{"embeddable":true,"href":"https:\/\/fetems.org.br\/fetems\/wp-json\/wp\/v2\/users\/3"}],"replies":[{"embeddable":true,"href":"https:\/\/fetems.org.br\/fetems\/wp-json\/wp\/v2\/comments?post=14744"}],"version-history":[{"count":1,"href":"https:\/\/fetems.org.br\/fetems\/wp-json\/wp\/v2\/posts\/14744\/revisions"}],"predecessor-version":[{"id":14747,"href":"https:\/\/fetems.org.br\/fetems\/wp-json\/wp\/v2\/posts\/14744\/revisions\/14747"}],"wp:featuredmedia":[{"embeddable":true,"href":"https:\/\/fetems.org.br\/fetems\/wp-json\/wp\/v2\/media\/14746"}],"wp:attachment":[{"href":"https:\/\/fetems.org.br\/fetems\/wp-json\/wp\/v2\/media?parent=14744"}],"wp:term":[{"taxonomy":"category","embeddable":true,"href":"https:\/\/fetems.org.br\/fetems\/wp-json\/wp\/v2\/categories?post=14744"},{"taxonomy":"post_tag","embeddable":true,"href":"https:\/\/fetems.org.br\/fetems\/wp-json\/wp\/v2\/tags?post=14744"}],"curies":[{"name":"wp","href":"https:\/\/api.w.org\/{rel}","templated":true}]}}