{"id":14854,"date":"2022-11-14T08:55:19","date_gmt":"2022-11-14T11:55:19","guid":{"rendered":"https:\/\/fetems.org.br\/fetems\/?p=14854"},"modified":"2022-11-14T08:55:20","modified_gmt":"2022-11-14T11:55:20","slug":"simted-de-corumba-realiza-assembleia-e-profissionais-em-educacao-decidem-por-paralisacao-no-dia-17-11","status":"publish","type":"post","link":"https:\/\/fetems.org.br\/fetems\/simted-de-corumba-realiza-assembleia-e-profissionais-em-educacao-decidem-por-paralisacao-no-dia-17-11\/","title":{"rendered":"SIMTED de Corumb\u00e1 realiza Assembleia e Profissionais em Educa\u00e7\u00e3o decidem por paralisa\u00e7\u00e3o no dia 17\/11"},"content":{"rendered":"\n<p><\/p>\n\n\n\n<p>O sil\u00eancio, o menosprezo e o desrespeito com que o Executivo Municipal vem tratando as tentativas de negocia\u00e7\u00e3o do SIMTED Corumb\u00e1 tiveram uma resposta na tarde de quinta-feira, 10 de novembro, durante a Assembleia Extraordin\u00e1ria dos(as) Trabalhadores(as) em Educa\u00e7\u00e3o. Por ampla maioria de votos, os(as) filiados(as) presentes decidiram pela Paralisa\u00e7\u00e3o matutina e vespertina no dia 17 de novembro, quinta-feira.<\/p>\n\n\n\n<p>O objetivo \u00e9 uma manifesta\u00e7\u00e3o que visa levar o maior n\u00famero poss\u00edvel de trabalhadores(as) para a porta de entrada da Prefeitura de Corumb\u00e1, no per\u00edodo matutino, como mais uma tentativa de encaminhar as reivindica\u00e7\u00f5es da categoria.<\/p>\n\n\n\n<p>&nbsp;E no per\u00edodo vespertino discutir em nova Assembleia a resposta do Executivo \u2013 se houver resposta &#8211; e decidir os pr\u00f3ximos rumos da mobiliza\u00e7\u00e3o, que pode ser um encaminhamento de Greve.<\/p>\n\n\n\n<p>O Executivo manteve-se calado diante do of\u00edcio encaminhado pelo SIMTED Corumb\u00e1 no dia 31 de outubro, ou seja, h\u00e1 dez dias, quando solicitamos reuni\u00e3o para dar prosseguimentos \u00e0s negocia\u00e7\u00f5es.<\/p>\n\n\n\n<p>Solicitamos discutir assuntos pertinentes \u00e0 valoriza\u00e7\u00e3o dos trabalhadores em Educa\u00e7\u00e3o: o reajuste salarial do Magist\u00e9rio; o Plano de Cargos, Carreiras e Remunera\u00e7\u00e3o (PCCR) dos(as) Administrativos; a Gest\u00e3o Democr\u00e1tica (elei\u00e7\u00f5es diretas para diretor escolar); elabora\u00e7\u00e3o do Calend\u00e1rio Escolar com a participa\u00e7\u00e3o dos(as) trabalhadores(as); fechamento de salas do Ensino Fundamental II na Rede Municipal de Ensino; e esclarecimento sobre o bloqueio de novas ades\u00f5es de beneficiados ao plano da CASSEMS.<\/p>\n\n\n\n<p>A dire\u00e7\u00e3o do SIMTED esclarece que n\u00e3o est\u00e1 em discuss\u00e3o apenas a pauta que trata do reajuste salarial do Magist\u00e9rio, mas outras pautas igualmente importantes para a valoriza\u00e7\u00e3o das categorias, como o PCCR dos(as) Administrativos e a Gest\u00e3o Democr\u00e1tica.<\/p>\n\n\n\n<p>H\u00e1 uma tentativa de deslegitimar o SIMTED e de considerar os problemas nas escolas apenas como pontuais, mas o SIMTED \u00e9, sim, a voz dos(as) trabalhadores(as) e, nesta gest\u00e3o, est\u00e1 em mobiliza\u00e7\u00e3o permanente.<\/p>\n\n\n\n<p><strong>CONSELHO DE ALIMENTA\u00c7\u00c3O ESCOLAR<\/strong><\/p>\n\n\n\n<p>Por vota\u00e7\u00e3o, Rejane do Valle e Waldely Sales foram designados novos representantes do SIMTED Corumb\u00e1 no Conselho de Alimenta\u00e7\u00e3o Escolar. Como suplentes, Vicentina Maria da Silva e Wilson de Amorim.<\/p>\n\n\n\n<p><strong>SEMIN\u00c1RIO DA FETEMS<\/strong><\/p>\n\n\n\n<p>Foram eleitos os Delegados que v\u00e3o representar o SIMTED Corumb\u00e1 no Semin\u00e1rio da FETEMS \u201cConsci\u00eancia Negra: n\u00e3o h\u00e1 democracia sem igualdade racial\u201d, dia 17 de novembro, em Campo Grande. Os mais votados(as) foram K\u00e1tia de Carvalho Rocha, Rodneya Auxiliadora da Silva, Marinalva Aranda e Regina Coelho de Melo.<\/p>\n","protected":false},"excerpt":{"rendered":"<p>O sil\u00eancio, o menosprezo e o desrespeito com que o Executivo Municipal vem tratando as tentativas de negocia\u00e7\u00e3o do SIMTED Corumb\u00e1 tiveram uma resposta na&#8230;<\/p>\n","protected":false},"author":3,"featured_media":14855,"comment_status":"open","ping_status":"open","sticky":false,"template":"","format":"standard","meta":{"footnotes":""},"categories":[83,26,18],"tags":[],"_links":{"self":[{"href":"https:\/\/fetems.org.br\/fetems\/wp-json\/wp\/v2\/posts\/14854"}],"collection":[{"href":"https:\/\/fetems.org.br\/fetems\/wp-json\/wp\/v2\/posts"}],"about":[{"href":"https:\/\/fetems.org.br\/fetems\/wp-json\/wp\/v2\/types\/post"}],"author":[{"embeddable":true,"href":"https:\/\/fetems.org.br\/fetems\/wp-json\/wp\/v2\/users\/3"}],"replies":[{"embeddable":true,"href":"https:\/\/fetems.org.br\/fetems\/wp-json\/wp\/v2\/comments?post=14854"}],"version-history":[{"count":1,"href":"https:\/\/fetems.org.br\/fetems\/wp-json\/wp\/v2\/posts\/14854\/revisions"}],"predecessor-version":[{"id":14856,"href":"https:\/\/fetems.org.br\/fetems\/wp-json\/wp\/v2\/posts\/14854\/revisions\/14856"}],"wp:featuredmedia":[{"embeddable":true,"href":"https:\/\/fetems.org.br\/fetems\/wp-json\/wp\/v2\/media\/14855"}],"wp:attachment":[{"href":"https:\/\/fetems.org.br\/fetems\/wp-json\/wp\/v2\/media?parent=14854"}],"wp:term":[{"taxonomy":"category","embeddable":true,"href":"https:\/\/fetems.org.br\/fetems\/wp-json\/wp\/v2\/categories?post=14854"},{"taxonomy":"post_tag","embeddable":true,"href":"https:\/\/fetems.org.br\/fetems\/wp-json\/wp\/v2\/tags?post=14854"}],"curies":[{"name":"wp","href":"https:\/\/api.w.org\/{rel}","templated":true}]}}