{"id":14914,"date":"2022-11-16T14:21:38","date_gmt":"2022-11-16T17:21:38","guid":{"rendered":"https:\/\/fetems.org.br\/fetems\/?p=14914"},"modified":"2022-11-16T17:13:58","modified_gmt":"2022-11-16T20:13:58","slug":"semed-publica-relacao-de-candidatos-a-diretores-escolares-da-reme-em-campo-grande","status":"publish","type":"post","link":"https:\/\/fetems.org.br\/fetems\/semed-publica-relacao-de-candidatos-a-diretores-escolares-da-reme-em-campo-grande\/","title":{"rendered":"Semed publica rela\u00e7\u00e3o de candidatos a diretores escolares da Reme em Campo Grande"},"content":{"rendered":"\n<p><\/p>\n\n\n\n<p><strong><em>Consta na lista a inscri\u00e7\u00e3o para 99 escolas da Rede Municipal de Ensino<\/em><\/strong><\/p>\n\n\n\n<p>Evelin C\u00e1ceres<\/p>\n\n\n\n<p>A Semed (Secretaria Municipal de Educa\u00e7\u00e3o) publicou a rela\u00e7\u00e3o de candidatos inscritos no processo de elei\u00e7\u00f5es a diretores escolares pela Reme (Rede Municipal de Ensino) em Campo Grande. A lista foi divulgada no Diogrande (Di\u00e1rio Oficial de Campo Grande) desta quarta-feira (16).<\/p>\n\n\n\n<p>Consta na lista a inscri\u00e7\u00e3o para 99 escolas municipais. A lista completa pode ser conferida aqui, a partir da p\u00e1gina 26.<\/p>\n\n\n\n<p><a href=\"https:\/\/diogrande.campogrande.ms.gov.br\/download_edicao\/eyJjb2RpZ29kaWEiOiI4MzY0In0%3D.pdf\">https:\/\/diogrande.campogrande.ms.gov.br\/download_edicao\/eyJjb2RpZ29kaWEiOiI4MzY0In0%3D.pdf<\/a><\/p>\n\n\n\n<p>Projeto para elei\u00e7\u00e3o<\/p>\n\n\n\n<p>Em Campo Grande, o tempo de magist\u00e9rio para concorrer a diretor escolar pode diminuir. Isso se os vereadores da C\u00e2mara Municipal aprovarem o projeto de lei, mas para as pr\u00f3ximas elei\u00e7\u00f5es.<\/p>\n\n\n\n<p>A proposta altera a reda\u00e7\u00e3o da Lei n\u00ba 6.023\/2018, que institui as regras da elei\u00e7\u00e3o de diretores e diretores adjuntos das unidades escolares municipais de Campo Grande. Assim, o projeto define que o tempo de magist\u00e9rio obrigat\u00f3rio passar\u00e1 a ser de quatro anos.<\/p>\n\n\n\n<p>At\u00e9 o momento, \u00e9 necess\u00e1rio cinco anos de magist\u00e9rio para que o profissional concorra ao cargo de diretor. A proposta \u00e9 de autoria do vereador Marcos Tabosa (PDT).<\/p>\n\n\n\n<p>Ent\u00e3o, ele justifica que o projeto atende aos \u2018anseios da categoria dos profissionais\u2019 da educa\u00e7\u00e3o p\u00fablica. Al\u00e9m de afirmar que a proposta gera \u201cuma maior concorr\u00eancia ao cargo desde que cumpridos os requisitos de forma\u00e7\u00e3o e qualifica\u00e7\u00e3o profissional\u201d.<\/p>\n","protected":false},"excerpt":{"rendered":"<p>Consta na lista a inscri\u00e7\u00e3o para 99 escolas da Rede Municipal de Ensino Evelin C\u00e1ceres A Semed (Secretaria Municipal de Educa\u00e7\u00e3o) publicou a rela\u00e7\u00e3o de&#8230;<\/p>\n","protected":false},"author":3,"featured_media":14915,"comment_status":"open","ping_status":"open","sticky":false,"template":"","format":"standard","meta":{"footnotes":""},"categories":[50,26,18],"tags":[],"_links":{"self":[{"href":"https:\/\/fetems.org.br\/fetems\/wp-json\/wp\/v2\/posts\/14914"}],"collection":[{"href":"https:\/\/fetems.org.br\/fetems\/wp-json\/wp\/v2\/posts"}],"about":[{"href":"https:\/\/fetems.org.br\/fetems\/wp-json\/wp\/v2\/types\/post"}],"author":[{"embeddable":true,"href":"https:\/\/fetems.org.br\/fetems\/wp-json\/wp\/v2\/users\/3"}],"replies":[{"embeddable":true,"href":"https:\/\/fetems.org.br\/fetems\/wp-json\/wp\/v2\/comments?post=14914"}],"version-history":[{"count":2,"href":"https:\/\/fetems.org.br\/fetems\/wp-json\/wp\/v2\/posts\/14914\/revisions"}],"predecessor-version":[{"id":14917,"href":"https:\/\/fetems.org.br\/fetems\/wp-json\/wp\/v2\/posts\/14914\/revisions\/14917"}],"wp:featuredmedia":[{"embeddable":true,"href":"https:\/\/fetems.org.br\/fetems\/wp-json\/wp\/v2\/media\/14915"}],"wp:attachment":[{"href":"https:\/\/fetems.org.br\/fetems\/wp-json\/wp\/v2\/media?parent=14914"}],"wp:term":[{"taxonomy":"category","embeddable":true,"href":"https:\/\/fetems.org.br\/fetems\/wp-json\/wp\/v2\/categories?post=14914"},{"taxonomy":"post_tag","embeddable":true,"href":"https:\/\/fetems.org.br\/fetems\/wp-json\/wp\/v2\/tags?post=14914"}],"curies":[{"name":"wp","href":"https:\/\/api.w.org\/{rel}","templated":true}]}}