{"id":15683,"date":"2022-12-06T13:13:51","date_gmt":"2022-12-06T16:13:51","guid":{"rendered":"https:\/\/fetems.org.br\/fetems\/?p=15683"},"modified":"2025-01-13T09:54:59","modified_gmt":"2025-01-13T12:54:59","slug":"reuniao-entre-simted-de-nova-andradina-e-prefeitura-define-que-edital-de-concurso-publico-sera-publicado-ate-o-dia-15-de-janeiro","status":"publish","type":"post","link":"https:\/\/fetems.org.br\/fetems\/reuniao-entre-simted-de-nova-andradina-e-prefeitura-define-que-edital-de-concurso-publico-sera-publicado-ate-o-dia-15-de-janeiro\/","title":{"rendered":"Reuni\u00e3o entre SIMTED de Nova Andradina e Prefeitura define que edital de concurso p\u00fablico ser\u00e1 publicado at\u00e9 o dia 15 de janeiro"},"content":{"rendered":"\n<p><br>Pagamento dos processos de licen\u00e7a-pr\u00eamio em pec\u00fania vai ser pago conforme o decreto n\u00ba 3.077 e tabelas anexas, publicado no \u00faltimo dia 7 de novembro<br>Na \u00faltima reuni\u00e3o do ano de 2022, entre o Sindicato dos Trabalhadores em Educa\u00e7\u00e3o de Nova Andradina e o poder executivo municipal, o presidente Edson Granato e o representante da educa\u00e7\u00e3o municipal e membro da dire\u00e7\u00e3o do Sindicato, Jos\u00e9 Aparecido Tavares, estiveram com o prefeito Gilberto Garcia na manh\u00e3 da quinta-feira (01) para tratar de diversos assuntos de interesse dos professores e administrativos da educa\u00e7\u00e3o.<br>Com rela\u00e7\u00e3o a quest\u00e3o salarial, foi confirmado o pagamento da segunda parcela do 13\u00ba sal\u00e1rio no dia 9 de dezembro. No pr\u00f3ximo dia 15 ser\u00e1 liberado o adiantamento salarial (40%). O restante dos vencimentos (60%) no dia 30. As f\u00e9rias da categoria, se for poss\u00edvel, ser\u00e3o pagas at\u00e9 o final do ano.<br>J\u00e1 o pagamento dos processos de licen\u00e7a-pr\u00eamio em pec\u00fania vai ser pago conforme o decreto n\u00ba 3.077 e tabelas anexas, publicado no \u00faltimo dia 7 de novembro (veja as tabelas em anexo). De acordo com o documento, o pagamento \u00e9 efetuado ao servidor por ordem alfab\u00e9tica, com datas a partir de 08 de novembro. A pedido do SIMTED, quem perdeu o prazo para fazer o requerimento ao governo municipal poder\u00e1 fazer em data posterior, fixada entre os dias 13 e 24 de fevereiro de 2023 (remanescentes\/ impontuais).<br>Outra grande not\u00edcia diz respeito a abertura de concurso p\u00fablico para contrata\u00e7\u00e3o de profissionais de educa\u00e7\u00e3o. \u201cFoi definido que o edital deve ser publicado at\u00e9 o dia 15 de janeiro. Esta \u00e9 uma pauta que come\u00e7amos a discutir desde o in\u00edcio deste ano e, finalmente, o governo assumiu este compromisso. Sem d\u00favidas, mais uma vit\u00f3ria importante\u201d, afirmou o presidente.<br>Diante das proximidades das festas natalinas, o professor Edson Granato fez um balan\u00e7o sobre as conquistas deste ano e as perspectivas para 2023.<br>\u201cGra\u00e7as a uni\u00e3o entre trabalhadores e Sindicato conquistamos um aumento salarial expressivo, o que garante um dos melhores sal\u00e1rios entre as cidades de Mato Grosso do Sul. Al\u00e9m disso, tivemos a corre\u00e7\u00e3o dos coeficientes da tabela de vencimentos dos professores. Isso significa que haver\u00e1 outros reajustes na data-base do servidor municipal e altera\u00e7\u00e3o dos n\u00edveis da carreira escalonados at\u00e9 2024\u201d.<br>No pr\u00f3ximo ano, a luta \u00e9 pela implanta\u00e7\u00e3o da jornada de 20 horas, a valoriza\u00e7\u00e3o profissional dos administrativos e implanta\u00e7\u00e3o do Pr\u00f3-funcion\u00e1rio (profissionalizante). \u201c\u00c9 fundamental nos manter unidos para fortalecer ainda mais nossa categoria e garantir mais e mais direitos\u201d, encerrou Edson, desejando a todos um Natal aben\u00e7oado e um ano novo com muitas realiza\u00e7\u00f5es.<\/p>\n\n\n\n<div class=\"wp-block-pgcsimplygalleryblock-slider simpLy-gallery-freedom-block\" data-gallery-id=\"simpLy\"><div class=\"sgb-gallery\"><div class=\"sgb-item \" data-item-id=\"15685\"><figure><a href=\"https:\/\/fetems.org.br\/fetems\/wp-content\/uploads\/2022\/12\/f0e2fa83-3af3-46e8-b246-304e551bffd9.jpg\"><img loading=\"lazy\" decoding=\"async\" width=\"1024\" height=\"479\" src=\"https:\/\/fetems.org.br\/fetems\/wp-content\/uploads\/2022\/12\/f0e2fa83-3af3-46e8-b246-304e551bffd9-1024x479.jpg\" alt=\"\" data-id=\"15685\" data-link=\"https:\/\/fetems.org.br\/fetems\/wp-content\/uploads\/2022\/12\/f0e2fa83-3af3-46e8-b246-304e551bffd9.jpg\" class=\"wp-image-15685\" title=\"f0e2fa83-3af3-46e8-b246-304e551bffd9\" srcset=\"https:\/\/fetems.org.br\/fetems\/wp-content\/uploads\/2022\/12\/f0e2fa83-3af3-46e8-b246-304e551bffd9-1024x479.jpg 1024w, https:\/\/fetems.org.br\/fetems\/wp-content\/uploads\/2022\/12\/f0e2fa83-3af3-46e8-b246-304e551bffd9-300x140.jpg 300w, https:\/\/fetems.org.br\/fetems\/wp-content\/uploads\/2022\/12\/f0e2fa83-3af3-46e8-b246-304e551bffd9-768x359.jpg 768w, https:\/\/fetems.org.br\/fetems\/wp-content\/uploads\/2022\/12\/f0e2fa83-3af3-46e8-b246-304e551bffd9.jpg 1080w\" sizes=\"(max-width: 1024px) 100vw, 1024px\" \/><\/a><\/figure><\/div><div class=\"sgb-item \" data-item-id=\"15686\"><figure><a href=\"https:\/\/fetems.org.br\/fetems\/wp-content\/uploads\/2022\/12\/8718d27e-9214-40d3-84a0-ce295428eab8.jpg\"><img loading=\"lazy\" decoding=\"async\" width=\"808\" height=\"381\" src=\"https:\/\/fetems.org.br\/fetems\/wp-content\/uploads\/2022\/12\/8718d27e-9214-40d3-84a0-ce295428eab8.jpg\" alt=\"\" data-id=\"15686\" data-link=\"https:\/\/fetems.org.br\/fetems\/wp-content\/uploads\/2022\/12\/8718d27e-9214-40d3-84a0-ce295428eab8.jpg\" class=\"wp-image-15686\" title=\"8718d27e-9214-40d3-84a0-ce295428eab8\" srcset=\"https:\/\/fetems.org.br\/fetems\/wp-content\/uploads\/2022\/12\/8718d27e-9214-40d3-84a0-ce295428eab8.jpg 808w, https:\/\/fetems.org.br\/fetems\/wp-content\/uploads\/2022\/12\/8718d27e-9214-40d3-84a0-ce295428eab8-300x141.jpg 300w, https:\/\/fetems.org.br\/fetems\/wp-content\/uploads\/2022\/12\/8718d27e-9214-40d3-84a0-ce295428eab8-768x362.jpg 768w\" sizes=\"(max-width: 808px) 100vw, 808px\" \/><\/a><\/figure><\/div><div class=\"sgb-item \" data-item-id=\"15687\"><figure><a href=\"https:\/\/fetems.org.br\/fetems\/wp-content\/uploads\/2022\/12\/404ddf8a-1b8d-4b46-bb57-f72279994dea.jpg\"><img loading=\"lazy\" decoding=\"async\" width=\"781\" height=\"1024\" src=\"https:\/\/fetems.org.br\/fetems\/wp-content\/uploads\/2022\/12\/404ddf8a-1b8d-4b46-bb57-f72279994dea-781x1024.jpg\" alt=\"\" data-id=\"15687\" data-link=\"https:\/\/fetems.org.br\/fetems\/wp-content\/uploads\/2022\/12\/404ddf8a-1b8d-4b46-bb57-f72279994dea.jpg\" class=\"wp-image-15687\" title=\"404ddf8a-1b8d-4b46-bb57-f72279994dea\" srcset=\"https:\/\/fetems.org.br\/fetems\/wp-content\/uploads\/2022\/12\/404ddf8a-1b8d-4b46-bb57-f72279994dea-781x1024.jpg 781w, https:\/\/fetems.org.br\/fetems\/wp-content\/uploads\/2022\/12\/404ddf8a-1b8d-4b46-bb57-f72279994dea-229x300.jpg 229w, https:\/\/fetems.org.br\/fetems\/wp-content\/uploads\/2022\/12\/404ddf8a-1b8d-4b46-bb57-f72279994dea-768x1007.jpg 768w, https:\/\/fetems.org.br\/fetems\/wp-content\/uploads\/2022\/12\/404ddf8a-1b8d-4b46-bb57-f72279994dea.jpg 805w\" sizes=\"(max-width: 781px) 100vw, 781px\" \/><\/a><\/figure><\/div><div class=\"sgb-item \" data-item-id=\"15688\"><figure><a href=\"https:\/\/fetems.org.br\/fetems\/wp-content\/uploads\/2022\/12\/2fd832a6-1d7c-4fcc-9d25-ca1806ae58b8-1.jpg\"><img loading=\"lazy\" decoding=\"async\" width=\"1024\" height=\"645\" src=\"https:\/\/fetems.org.br\/fetems\/wp-content\/uploads\/2022\/12\/2fd832a6-1d7c-4fcc-9d25-ca1806ae58b8-1-1024x645.jpg\" alt=\"\" data-id=\"15688\" data-link=\"https:\/\/fetems.org.br\/fetems\/wp-content\/uploads\/2022\/12\/2fd832a6-1d7c-4fcc-9d25-ca1806ae58b8-1.jpg\" class=\"wp-image-15688\" title=\"2fd832a6-1d7c-4fcc-9d25-ca1806ae58b8\" srcset=\"https:\/\/fetems.org.br\/fetems\/wp-content\/uploads\/2022\/12\/2fd832a6-1d7c-4fcc-9d25-ca1806ae58b8-1-1024x645.jpg 1024w, https:\/\/fetems.org.br\/fetems\/wp-content\/uploads\/2022\/12\/2fd832a6-1d7c-4fcc-9d25-ca1806ae58b8-1-300x189.jpg 300w, https:\/\/fetems.org.br\/fetems\/wp-content\/uploads\/2022\/12\/2fd832a6-1d7c-4fcc-9d25-ca1806ae58b8-1-768x484.jpg 768w, https:\/\/fetems.org.br\/fetems\/wp-content\/uploads\/2022\/12\/2fd832a6-1d7c-4fcc-9d25-ca1806ae58b8-1.jpg 1055w\" sizes=\"(max-width: 1024px) 100vw, 1024px\" \/><\/a><\/figure><\/div><\/div><\/div>\n","protected":false},"excerpt":{"rendered":"<p>Pagamento dos processos de licen\u00e7a-pr\u00eamio em pec\u00fania vai ser pago conforme o decreto n\u00ba 3.077 e tabelas anexas, publicado no \u00faltimo dia 7 de novembroNa&#8230;<\/p>\n","protected":false},"author":3,"featured_media":15684,"comment_status":"open","ping_status":"open","sticky":false,"template":"","format":"standard","meta":{"footnotes":""},"categories":[26,27,18],"tags":[],"_links":{"self":[{"href":"https:\/\/fetems.org.br\/fetems\/wp-json\/wp\/v2\/posts\/15683"}],"collection":[{"href":"https:\/\/fetems.org.br\/fetems\/wp-json\/wp\/v2\/posts"}],"about":[{"href":"https:\/\/fetems.org.br\/fetems\/wp-json\/wp\/v2\/types\/post"}],"author":[{"embeddable":true,"href":"https:\/\/fetems.org.br\/fetems\/wp-json\/wp\/v2\/users\/3"}],"replies":[{"embeddable":true,"href":"https:\/\/fetems.org.br\/fetems\/wp-json\/wp\/v2\/comments?post=15683"}],"version-history":[{"count":1,"href":"https:\/\/fetems.org.br\/fetems\/wp-json\/wp\/v2\/posts\/15683\/revisions"}],"predecessor-version":[{"id":15689,"href":"https:\/\/fetems.org.br\/fetems\/wp-json\/wp\/v2\/posts\/15683\/revisions\/15689"}],"wp:featuredmedia":[{"embeddable":true,"href":"https:\/\/fetems.org.br\/fetems\/wp-json\/wp\/v2\/media\/15684"}],"wp:attachment":[{"href":"https:\/\/fetems.org.br\/fetems\/wp-json\/wp\/v2\/media?parent=15683"}],"wp:term":[{"taxonomy":"category","embeddable":true,"href":"https:\/\/fetems.org.br\/fetems\/wp-json\/wp\/v2\/categories?post=15683"},{"taxonomy":"post_tag","embeddable":true,"href":"https:\/\/fetems.org.br\/fetems\/wp-json\/wp\/v2\/tags?post=15683"}],"curies":[{"name":"wp","href":"https:\/\/api.w.org\/{rel}","templated":true}]}}