{"id":15699,"date":"2022-12-07T08:37:22","date_gmt":"2022-12-07T11:37:22","guid":{"rendered":"https:\/\/fetems.org.br\/fetems\/?p=15699"},"modified":"2025-01-13T09:55:43","modified_gmt":"2025-01-13T12:55:43","slug":"acp-grande-manifestacao-dos-professores-na-camara-municipal-gera-compromisso-do-legislativo-em-buscar-cumprimento-da-lei-do-piso-20h","status":"publish","type":"post","link":"https:\/\/fetems.org.br\/fetems\/acp-grande-manifestacao-dos-professores-na-camara-municipal-gera-compromisso-do-legislativo-em-buscar-cumprimento-da-lei-do-piso-20h\/","title":{"rendered":"ACP: Grande manifesta\u00e7\u00e3o dos professores na C\u00e2mara Municipal gera compromisso do Legislativo em buscar cumprimento da Lei do Piso 20h"},"content":{"rendered":"\n<p><\/p>\n\n\n\n<p>Uma grande manifesta\u00e7\u00e3o na C\u00e2mara Municipal de Vereadores reuniu cerca de tr\u00eas mil professores nesta ter\u00e7a-feira (06), terceiro dia da greve dos profissionais da educa\u00e7\u00e3o da Reme (Rede Municipal de Ensino). Atendendo \u00e0 convoca\u00e7\u00e3o da ACP, os educadores e educadoras come\u00e7aram a concentra\u00e7\u00e3o por volta das 7h30 em frente \u00e0 Casa de Leis.<\/p>\n\n\n\n<p>Atendendo a pedido do sindicato, o presidente do Poder Legislativo Municipal, vereador Carl\u00e3o, abriu as portas da C\u00e2mara uma hora mais cedo e, a partir das 8h, os professores come\u00e7aram a lotar o plen\u00e1rio. Mais da metade dos professores que estavam na fila para acompanhar a sess\u00e3o ordin\u00e1ria da C\u00e2mara n\u00e3o puderam entrar porque o pr\u00e9dio atingiu ocupa\u00e7\u00e3o m\u00e1xima. No entanto, a categoria se manteve mobilizada durante toda a sess\u00e3o, aguardando do lado de fora do pr\u00e9dio.<\/p>\n\n\n\n<p>Durante a sess\u00e3o, o presidente Carl\u00e3o alterou a ordem do dia para que o atual presidente e o presidente eleito da ACP, professores Lucilio Nobre e Gilvano Bronzoni, ocupassem a tribuna para se pronunciarem na palavra livre. Diante da forte manifesta\u00e7\u00e3o dos professores na plen\u00e1ria e dos argumentos apresentados pelos dirigentes sindicais, Carl\u00e3o, juntamente com os parlamentares integrantes da comiss\u00e3o permanente de educa\u00e7\u00e3o e desporto da C\u00e2mara, vereadores Juari, Riverton, Waldir Gomes, Ronil\u00e7o Guerreiro e Beto Avelar, se comprometeu com a categoria em formar uma comiss\u00e3o de vereadores e representantes do sindicato e marcar uma reuni\u00e3o com a prefeita Adriane Lopes a fim de cobrar o cumprimento da Lei Municipal n. 6.796\/2022.<\/p>\n\n\n\n<p>\u201cEstamos aqui n\u00e3o simplesmente por aumento de sal\u00e1rio. Estamos aqui por uma valoriza\u00e7\u00e3o da educa\u00e7\u00e3o que foi interrompida. Ao aceitar o escalonamento da corre\u00e7\u00e3o salarial, demos meses para o Executivo regularizar suas contas e cumprir a lei, agora a prefeita n\u00e3o recebe o sindicato e n\u00e3o cumpre a lei. Essa n\u00e3o \u00e9 a escolha correta, n\u00e3o valoriza o importante trabalho de milhares de profissionais da educa\u00e7\u00e3o e prejudica cerca de 115 mil estudantes que est\u00e3o sem aulas na Reme\u201d, disse o professor Gilvano Kunzler Bronzoni, presidente-eleito da ACP.<\/p>\n\n\n\n<p>O atual presidente da ACP destacou a for\u00e7a da categoria em defesa da Lei do Piso 20h. \u201cEssa \u00e9 uma luta coletiva, pela valoriza\u00e7\u00e3o da educa\u00e7\u00e3o. Viemos cobrar apoio irrestrito no cumprimento da lei. Ela foi constru\u00edda com di\u00e1logo, debate e conversas. Depois que vira lei, \u00e9 um instrumento jur\u00eddico que tem que ser cumprido. A qualidade do ensino passa pela valoriza\u00e7\u00e3o. Aceitamos a lei postergando, pois n\u00e3o somos intransigentes. Se algu\u00e9m fez politicagem, n\u00e3o foi a categoria. Se a prefeita judicializou para enfraquecer o movimento, n\u00e3o vai conseguir. S\u00f3 vai enfurecer e fortalecer\u201d, discursou Lucilio Nobre, atual presidente do Sindicato.<\/p>\n\n\n\n<p><strong>Agenda da greve<\/strong><\/p>\n\n\n\n<p>Definida at\u00e9 o dia 09, a greve dos professores da Reme entra no quarto dia de paralisa\u00e7\u00e3o nesta quarta-feira, quando o sindicato convocou uma Assembleia Geral Extraordin\u00e1ria \u00e0s 7h30, que ser\u00e1 realizada na sede da ACP. Com pauta \u00fanica \u2013 greve da Reme \u2013 a assembleia foi convocada para a categoria definir os pr\u00f3ximos passos do movimento grevista.<\/p>\n\n\n\n<div class=\"wp-block-pgcsimplygalleryblock-slider simpLy-gallery-freedom-block\" data-gallery-id=\"simpLy\"><div class=\"sgb-gallery\"><div class=\"sgb-item \" data-item-id=\"15700\"><figure><a href=\"https:\/\/fetems.org.br\/fetems\/wp-content\/uploads\/2022\/12\/WhatsApp-Image-2022-12-06-at-17.08.05-1.jpeg\"><img loading=\"lazy\" decoding=\"async\" width=\"1024\" height=\"768\" src=\"https:\/\/fetems.org.br\/fetems\/wp-content\/uploads\/2022\/12\/WhatsApp-Image-2022-12-06-at-17.08.05-1-1024x768.jpeg\" alt=\"\" data-id=\"15700\" data-link=\"https:\/\/fetems.org.br\/fetems\/wp-content\/uploads\/2022\/12\/WhatsApp-Image-2022-12-06-at-17.08.05-1.jpeg\" class=\"wp-image-15700\" title=\"WhatsApp-Image-2022-12-06-at-17.08.05-1\" srcset=\"https:\/\/fetems.org.br\/fetems\/wp-content\/uploads\/2022\/12\/WhatsApp-Image-2022-12-06-at-17.08.05-1-1024x768.jpeg 1024w, https:\/\/fetems.org.br\/fetems\/wp-content\/uploads\/2022\/12\/WhatsApp-Image-2022-12-06-at-17.08.05-1-300x225.jpeg 300w, https:\/\/fetems.org.br\/fetems\/wp-content\/uploads\/2022\/12\/WhatsApp-Image-2022-12-06-at-17.08.05-1-768x576.jpeg 768w, https:\/\/fetems.org.br\/fetems\/wp-content\/uploads\/2022\/12\/WhatsApp-Image-2022-12-06-at-17.08.05-1-1536x1153.jpeg 1536w, https:\/\/fetems.org.br\/fetems\/wp-content\/uploads\/2022\/12\/WhatsApp-Image-2022-12-06-at-17.08.05-1.jpeg 1599w\" sizes=\"(max-width: 1024px) 100vw, 1024px\" \/><\/a><\/figure><\/div><\/div><\/div>\n","protected":false},"excerpt":{"rendered":"<p>Uma grande manifesta\u00e7\u00e3o na C\u00e2mara Municipal de Vereadores reuniu cerca de tr\u00eas mil professores nesta ter\u00e7a-feira (06), terceiro dia da greve dos profissionais da educa\u00e7\u00e3o&#8230;<\/p>\n","protected":false},"author":3,"featured_media":15701,"comment_status":"open","ping_status":"open","sticky":false,"template":"","format":"standard","meta":{"footnotes":""},"categories":[50,26,18],"tags":[],"_links":{"self":[{"href":"https:\/\/fetems.org.br\/fetems\/wp-json\/wp\/v2\/posts\/15699"}],"collection":[{"href":"https:\/\/fetems.org.br\/fetems\/wp-json\/wp\/v2\/posts"}],"about":[{"href":"https:\/\/fetems.org.br\/fetems\/wp-json\/wp\/v2\/types\/post"}],"author":[{"embeddable":true,"href":"https:\/\/fetems.org.br\/fetems\/wp-json\/wp\/v2\/users\/3"}],"replies":[{"embeddable":true,"href":"https:\/\/fetems.org.br\/fetems\/wp-json\/wp\/v2\/comments?post=15699"}],"version-history":[{"count":1,"href":"https:\/\/fetems.org.br\/fetems\/wp-json\/wp\/v2\/posts\/15699\/revisions"}],"predecessor-version":[{"id":15702,"href":"https:\/\/fetems.org.br\/fetems\/wp-json\/wp\/v2\/posts\/15699\/revisions\/15702"}],"wp:featuredmedia":[{"embeddable":true,"href":"https:\/\/fetems.org.br\/fetems\/wp-json\/wp\/v2\/media\/15701"}],"wp:attachment":[{"href":"https:\/\/fetems.org.br\/fetems\/wp-json\/wp\/v2\/media?parent=15699"}],"wp:term":[{"taxonomy":"category","embeddable":true,"href":"https:\/\/fetems.org.br\/fetems\/wp-json\/wp\/v2\/categories?post=15699"},{"taxonomy":"post_tag","embeddable":true,"href":"https:\/\/fetems.org.br\/fetems\/wp-json\/wp\/v2\/tags?post=15699"}],"curies":[{"name":"wp","href":"https:\/\/api.w.org\/{rel}","templated":true}]}}