{"id":17385,"date":"2023-02-13T15:14:45","date_gmt":"2023-02-13T18:14:45","guid":{"rendered":"https:\/\/fetems.org.br\/fetems\/?p=17385"},"modified":"2025-01-13T09:56:46","modified_gmt":"2025-01-13T12:56:46","slug":"diretores-da-fetems-ademar-placido-da-rosa-e-iara-gutierrez-cuellar-participam-de-reuniao-com-os-profissionais-em-educacao-e-direcao-do-simted-de-terenos","status":"publish","type":"post","link":"https:\/\/fetems.org.br\/fetems\/diretores-da-fetems-ademar-placido-da-rosa-e-iara-gutierrez-cuellar-participam-de-reuniao-com-os-profissionais-em-educacao-e-direcao-do-simted-de-terenos\/","title":{"rendered":"Diretores da FETEMS Ademar Pl\u00e1cido da Rosa e\u00a0 Iara Gutierrez Cuellar participam de reuni\u00e3o com os Profissionais em Educa\u00e7\u00e3o e Dire\u00e7\u00e3o do SIMTED de Terenos"},"content":{"rendered":"\n<p><\/p>\n\n\n\n<p>Os Diretores da FETEMS, Ademar Pl\u00e1cido da Rosa (Secret\u00e1rio de Pol\u00edticas Municipais da FETEMS),&nbsp; Iara Gutierrez Cuellar (Secret\u00e1ria da Sa\u00fade do Trabalhador da FETEMS) e o Presidente do SIMTED de Terenos, Eduardo Glaglau estiverem hoje, dia 13 de fevereiro, visitando os Profissionais em Educa\u00e7\u00e3o das escolas Estaduais Eduardo Perez e Escola Ant\u00f4nio Valadares para fazer os repasses da Federa\u00e7\u00e3o e falar sobre a import\u00e2ncia da base estar unida e sindicalizada.<\/p>\n\n\n\n<p>\u201cDurante a visita falamos da import\u00e2ncia dos Profissionais em Educa\u00e7\u00e3o se sindicalizar para o fortalecimento da luta, sobre os avan\u00e7os com as lutas da FETEMS e dos 74 SIMTEDs, debatemos sobre as Reformas da Previd\u00eancia e Administrativa e as consequ\u00eancias que trar\u00e3o para a classe trabalhadora, da equipara\u00e7\u00e3o salarial entre Professores(as) Convocados(as) e Efetivos(as) e as negocia\u00e7\u00f5es que a FETEMS tem realizado junto ao Governo Estadual e as negocia\u00e7\u00f5es dos(as) Trabalhadores(as) Administrativos, em que a data base \u00e9 maio e a parceria entre FETEMS e a UEMS para Profuncion\u00e1rio\u201d, enfatizou Ademar Pl\u00e1cido da Rosa (Secret\u00e1rio de Pol\u00edticas Municipais da FETEMS).<\/p>\n\n\n\n<p>\u201cEstivemos hoje reunidos nas escolas estaduais para desejar um feliz ano letivo para os(as) Profissionais em Educa\u00e7\u00e3o, juntamente com os(as) diretores(as) da&nbsp; FETEMS, onde&nbsp; discutimos a carreira da categoria e trazer \u00e0 tona a necessidade da luta sindical para todos. Agradecemos os diretores e coordenadores pela acolhida\u201d, disse o Presidente do SIMTED de Terenos, Eduardo Glaglau.<\/p>\n\n\n\n<div class=\"wp-block-pgcsimplygalleryblock-slider simpLy-gallery-freedom-block\" data-gallery-id=\"simpLy\"><div class=\"sgb-gallery\"><div class=\"sgb-item \" data-item-id=\"17387\"><figure><a href=\"https:\/\/fetems.org.br\/fetems\/wp-content\/uploads\/2023\/02\/WhatsApp-Image-2023-02-13-at-13.45.521.jpeg\"><img loading=\"lazy\" decoding=\"async\" width=\"768\" height=\"1024\" src=\"https:\/\/fetems.org.br\/fetems\/wp-content\/uploads\/2023\/02\/WhatsApp-Image-2023-02-13-at-13.45.521-768x1024.jpeg\" alt=\"\" data-id=\"17387\" data-link=\"https:\/\/fetems.org.br\/fetems\/wp-content\/uploads\/2023\/02\/WhatsApp-Image-2023-02-13-at-13.45.521.jpeg\" class=\"wp-image-17387\" title=\"WhatsApp Image 2023-02-13 at 13.45.52(1)\" srcset=\"https:\/\/fetems.org.br\/fetems\/wp-content\/uploads\/2023\/02\/WhatsApp-Image-2023-02-13-at-13.45.521-768x1024.jpeg 768w, https:\/\/fetems.org.br\/fetems\/wp-content\/uploads\/2023\/02\/WhatsApp-Image-2023-02-13-at-13.45.521-225x300.jpeg 225w, https:\/\/fetems.org.br\/fetems\/wp-content\/uploads\/2023\/02\/WhatsApp-Image-2023-02-13-at-13.45.521-1152x1536.jpeg 1152w, https:\/\/fetems.org.br\/fetems\/wp-content\/uploads\/2023\/02\/WhatsApp-Image-2023-02-13-at-13.45.521.jpeg 1200w\" sizes=\"(max-width: 768px) 100vw, 768px\" \/><\/a><\/figure><\/div><div class=\"sgb-item \" data-item-id=\"17388\"><figure><a href=\"https:\/\/fetems.org.br\/fetems\/wp-content\/uploads\/2023\/02\/WhatsApp-Image-2023-02-13-at-13.45.52.jpeg\"><img loading=\"lazy\" decoding=\"async\" width=\"1024\" height=\"768\" src=\"https:\/\/fetems.org.br\/fetems\/wp-content\/uploads\/2023\/02\/WhatsApp-Image-2023-02-13-at-13.45.52-1024x768.jpeg\" alt=\"\" data-id=\"17388\" data-link=\"https:\/\/fetems.org.br\/fetems\/wp-content\/uploads\/2023\/02\/WhatsApp-Image-2023-02-13-at-13.45.52.jpeg\" class=\"wp-image-17388\" title=\"WhatsApp Image 2023-02-13 at 13.45.52\" srcset=\"https:\/\/fetems.org.br\/fetems\/wp-content\/uploads\/2023\/02\/WhatsApp-Image-2023-02-13-at-13.45.52-1024x768.jpeg 1024w, https:\/\/fetems.org.br\/fetems\/wp-content\/uploads\/2023\/02\/WhatsApp-Image-2023-02-13-at-13.45.52-300x225.jpeg 300w, https:\/\/fetems.org.br\/fetems\/wp-content\/uploads\/2023\/02\/WhatsApp-Image-2023-02-13-at-13.45.52-768x576.jpeg 768w, https:\/\/fetems.org.br\/fetems\/wp-content\/uploads\/2023\/02\/WhatsApp-Image-2023-02-13-at-13.45.52-1536x1152.jpeg 1536w, https:\/\/fetems.org.br\/fetems\/wp-content\/uploads\/2023\/02\/WhatsApp-Image-2023-02-13-at-13.45.52.jpeg 1600w\" sizes=\"(max-width: 1024px) 100vw, 1024px\" \/><\/a><\/figure><\/div><div class=\"sgb-item \" data-item-id=\"17389\"><figure><a href=\"https:\/\/fetems.org.br\/fetems\/wp-content\/uploads\/2023\/02\/WhatsApp-Image-2023-02-13-at-13.45.51.jpeg\"><img loading=\"lazy\" decoding=\"async\" width=\"1024\" height=\"768\" src=\"https:\/\/fetems.org.br\/fetems\/wp-content\/uploads\/2023\/02\/WhatsApp-Image-2023-02-13-at-13.45.51-1024x768.jpeg\" alt=\"\" data-id=\"17389\" data-link=\"https:\/\/fetems.org.br\/fetems\/wp-content\/uploads\/2023\/02\/WhatsApp-Image-2023-02-13-at-13.45.51.jpeg\" class=\"wp-image-17389\" title=\"WhatsApp Image 2023-02-13 at 13.45.51\" srcset=\"https:\/\/fetems.org.br\/fetems\/wp-content\/uploads\/2023\/02\/WhatsApp-Image-2023-02-13-at-13.45.51-1024x768.jpeg 1024w, https:\/\/fetems.org.br\/fetems\/wp-content\/uploads\/2023\/02\/WhatsApp-Image-2023-02-13-at-13.45.51-300x225.jpeg 300w, https:\/\/fetems.org.br\/fetems\/wp-content\/uploads\/2023\/02\/WhatsApp-Image-2023-02-13-at-13.45.51-768x576.jpeg 768w, https:\/\/fetems.org.br\/fetems\/wp-content\/uploads\/2023\/02\/WhatsApp-Image-2023-02-13-at-13.45.51-1536x1152.jpeg 1536w, https:\/\/fetems.org.br\/fetems\/wp-content\/uploads\/2023\/02\/WhatsApp-Image-2023-02-13-at-13.45.51.jpeg 1600w\" sizes=\"(max-width: 1024px) 100vw, 1024px\" \/><\/a><\/figure><\/div><div class=\"sgb-item \" data-item-id=\"17390\"><figure><a href=\"https:\/\/fetems.org.br\/fetems\/wp-content\/uploads\/2023\/02\/WhatsApp-Image-2023-02-13-at-13.45.33-1.jpeg\"><img loading=\"lazy\" decoding=\"async\" width=\"1024\" height=\"461\" src=\"https:\/\/fetems.org.br\/fetems\/wp-content\/uploads\/2023\/02\/WhatsApp-Image-2023-02-13-at-13.45.33-1-1024x461.jpeg\" alt=\"\" data-id=\"17390\" data-link=\"https:\/\/fetems.org.br\/fetems\/wp-content\/uploads\/2023\/02\/WhatsApp-Image-2023-02-13-at-13.45.33-1.jpeg\" class=\"wp-image-17390\" title=\"WhatsApp Image 2023-02-13 at 13.45.33\" srcset=\"https:\/\/fetems.org.br\/fetems\/wp-content\/uploads\/2023\/02\/WhatsApp-Image-2023-02-13-at-13.45.33-1-1024x461.jpeg 1024w, https:\/\/fetems.org.br\/fetems\/wp-content\/uploads\/2023\/02\/WhatsApp-Image-2023-02-13-at-13.45.33-1-300x135.jpeg 300w, https:\/\/fetems.org.br\/fetems\/wp-content\/uploads\/2023\/02\/WhatsApp-Image-2023-02-13-at-13.45.33-1-768x346.jpeg 768w, https:\/\/fetems.org.br\/fetems\/wp-content\/uploads\/2023\/02\/WhatsApp-Image-2023-02-13-at-13.45.33-1.jpeg 1160w\" sizes=\"(max-width: 1024px) 100vw, 1024px\" \/><\/a><\/figure><\/div><\/div><\/div>\n","protected":false},"excerpt":{"rendered":"<p>Os Diretores da FETEMS, Ademar Pl\u00e1cido da Rosa (Secret\u00e1rio de Pol\u00edticas Municipais da FETEMS),&nbsp; Iara Gutierrez Cuellar (Secret\u00e1ria da Sa\u00fade do Trabalhador da FETEMS) e&#8230;<\/p>\n","protected":false},"author":3,"featured_media":17386,"comment_status":"open","ping_status":"open","sticky":false,"template":"","format":"standard","meta":{"footnotes":""},"categories":[26,76,18],"tags":[],"_links":{"self":[{"href":"https:\/\/fetems.org.br\/fetems\/wp-json\/wp\/v2\/posts\/17385"}],"collection":[{"href":"https:\/\/fetems.org.br\/fetems\/wp-json\/wp\/v2\/posts"}],"about":[{"href":"https:\/\/fetems.org.br\/fetems\/wp-json\/wp\/v2\/types\/post"}],"author":[{"embeddable":true,"href":"https:\/\/fetems.org.br\/fetems\/wp-json\/wp\/v2\/users\/3"}],"replies":[{"embeddable":true,"href":"https:\/\/fetems.org.br\/fetems\/wp-json\/wp\/v2\/comments?post=17385"}],"version-history":[{"count":1,"href":"https:\/\/fetems.org.br\/fetems\/wp-json\/wp\/v2\/posts\/17385\/revisions"}],"predecessor-version":[{"id":17391,"href":"https:\/\/fetems.org.br\/fetems\/wp-json\/wp\/v2\/posts\/17385\/revisions\/17391"}],"wp:featuredmedia":[{"embeddable":true,"href":"https:\/\/fetems.org.br\/fetems\/wp-json\/wp\/v2\/media\/17386"}],"wp:attachment":[{"href":"https:\/\/fetems.org.br\/fetems\/wp-json\/wp\/v2\/media?parent=17385"}],"wp:term":[{"taxonomy":"category","embeddable":true,"href":"https:\/\/fetems.org.br\/fetems\/wp-json\/wp\/v2\/categories?post=17385"},{"taxonomy":"post_tag","embeddable":true,"href":"https:\/\/fetems.org.br\/fetems\/wp-json\/wp\/v2\/tags?post=17385"}],"curies":[{"name":"wp","href":"https:\/\/api.w.org\/{rel}","templated":true}]}}