{"id":17424,"date":"2023-02-16T14:21:41","date_gmt":"2023-02-16T17:21:41","guid":{"rendered":"https:\/\/fetems.org.br\/fetems\/?p=17424"},"modified":"2025-01-13T09:56:42","modified_gmt":"2025-01-13T12:56:42","slug":"presidente-da-fetems-professor-jaime-teixeira-e-diretores-participam-de-reuniao-com-o-simted-de-terenos-e-o-prefeito-para-debaterem-a-lei-do-piso-nacional","status":"publish","type":"post","link":"https:\/\/fetems.org.br\/fetems\/presidente-da-fetems-professor-jaime-teixeira-e-diretores-participam-de-reuniao-com-o-simted-de-terenos-e-o-prefeito-para-debaterem-a-lei-do-piso-nacional\/","title":{"rendered":"Presidente da FETEMS, Professor Jaime Teixeira e diretores participam de reuni\u00e3o com o SIMTED de Terenos e o Prefeito para debaterem a Lei do Piso Nacional"},"content":{"rendered":"\n<p><\/p>\n\n\n\n<p>O Presidente da FETEMS, Professor Jaime Teixeira, Deumeires Morais (Vice-Presidenta da FETEMS), Ana Maria Oliveira (Secret\u00e1ria Geral da FETEMS) e Ademar Pl\u00e1cido da Rosa (Secret\u00e1rio de Pol\u00edticas Municipais da FETEMS) estiverem hoje, dia 16 de fevereiro, juntamente com o Presidente do SIMTED de Terenos, Eduardo Glagau reunidos com o prefeito Henrique para discuss\u00e3o do reajuste do piso salarial e da reformula\u00e7\u00e3o do Plano de Cargos e Carreiras.<\/p>\n\n\n\n<p>O prefeito Henrique anunciou o reajuste de 15% a partir da data base (abril), tamb\u00e9m que realizar\u00e1 Concurso P\u00fablico para o Magist\u00e9rio \u2013 ainda em 2023 \u2013 &nbsp;e ser\u00e1 constitu\u00edda uma comiss\u00e3o para estudar a reformula\u00e7\u00e3o do Plano de Cargos e Carreiras com perspectiva de incorpora\u00e7\u00e3o da reg\u00eancia de classe e outros penduric\u00e1rios e com intuito de negociar o percentual de 24,47 do Piso Nacional dos(as) Professores(as) est\u00e1 em defasagem.<\/p>\n\n\n\n<p>\u201cFoi um reuni\u00e3o positiva e produtiva com a perspectiva da Reformula\u00e7\u00e3o da Carreira, trazendo a valoriza\u00e7\u00e3o profissional para os(as) trabalhadores(as) em Educa\u00e7\u00e3o da Rede Municipal de Terenos. A FETEMS est\u00e1 acompanhando as negocia\u00e7\u00f5es em todos os munic\u00edpios para garantir o cumprimento do Piso Nacional dos(as) Professores(as), conforme rege a Lei do Piso n. 11.738\/2008\u201d, enfatizou o Presidente da FETEMS, Professor Jaime Teixeira.<\/p>\n\n\n\n<p>\u201cAcreditamos no di\u00e1logo e estamos trabalhando para que a Educa\u00e7\u00e3o P\u00fablica Municipal terenense seja potencializada &nbsp;na sua pluralidade\u201d, disse o Presidente do SIMTED de Terenos, Eduardo Glagau.<\/p>\n\n\n\n<figure class=\"wp-block-gallery has-nested-images columns-default is-cropped wp-block-gallery-1 is-layout-flex wp-block-gallery-is-layout-flex\">\n<figure class=\"wp-block-image size-large\"><img loading=\"lazy\" decoding=\"async\" width=\"1024\" height=\"768\" data-id=\"17426\" src=\"https:\/\/fetems.org.br\/fetems\/wp-content\/uploads\/2023\/02\/WhatsApp-Image-2023-02-16-at-13.15.30.jpeg\" alt=\"\" class=\"wp-image-17426\" srcset=\"https:\/\/fetems.org.br\/fetems\/wp-content\/uploads\/2023\/02\/WhatsApp-Image-2023-02-16-at-13.15.30.jpeg 1024w, https:\/\/fetems.org.br\/fetems\/wp-content\/uploads\/2023\/02\/WhatsApp-Image-2023-02-16-at-13.15.30-300x225.jpeg 300w, https:\/\/fetems.org.br\/fetems\/wp-content\/uploads\/2023\/02\/WhatsApp-Image-2023-02-16-at-13.15.30-768x576.jpeg 768w\" sizes=\"(max-width: 1024px) 100vw, 1024px\" \/><\/figure>\n\n\n\n<figure class=\"wp-block-image size-large\"><img loading=\"lazy\" decoding=\"async\" width=\"1024\" height=\"768\" data-id=\"17427\" src=\"https:\/\/fetems.org.br\/fetems\/wp-content\/uploads\/2023\/02\/WhatsApp-Image-2023-02-16-at-13.15.31-1.jpeg\" alt=\"\" class=\"wp-image-17427\" srcset=\"https:\/\/fetems.org.br\/fetems\/wp-content\/uploads\/2023\/02\/WhatsApp-Image-2023-02-16-at-13.15.31-1.jpeg 1024w, https:\/\/fetems.org.br\/fetems\/wp-content\/uploads\/2023\/02\/WhatsApp-Image-2023-02-16-at-13.15.31-1-300x225.jpeg 300w, https:\/\/fetems.org.br\/fetems\/wp-content\/uploads\/2023\/02\/WhatsApp-Image-2023-02-16-at-13.15.31-1-768x576.jpeg 768w\" sizes=\"(max-width: 1024px) 100vw, 1024px\" \/><\/figure>\n\n\n\n<figure class=\"wp-block-image size-large\"><img loading=\"lazy\" decoding=\"async\" width=\"1024\" height=\"768\" data-id=\"17425\" src=\"https:\/\/fetems.org.br\/fetems\/wp-content\/uploads\/2023\/02\/WhatsApp-Image-2023-02-16-at-13.15.31.jpeg\" alt=\"\" class=\"wp-image-17425\" srcset=\"https:\/\/fetems.org.br\/fetems\/wp-content\/uploads\/2023\/02\/WhatsApp-Image-2023-02-16-at-13.15.31.jpeg 1024w, https:\/\/fetems.org.br\/fetems\/wp-content\/uploads\/2023\/02\/WhatsApp-Image-2023-02-16-at-13.15.31-300x225.jpeg 300w, https:\/\/fetems.org.br\/fetems\/wp-content\/uploads\/2023\/02\/WhatsApp-Image-2023-02-16-at-13.15.31-768x576.jpeg 768w\" sizes=\"(max-width: 1024px) 100vw, 1024px\" \/><\/figure>\n<\/figure>\n","protected":false},"excerpt":{"rendered":"<p>O Presidente da FETEMS, Professor Jaime Teixeira, Deumeires Morais (Vice-Presidenta da FETEMS), Ana Maria Oliveira (Secret\u00e1ria Geral da FETEMS) e Ademar Pl\u00e1cido da Rosa (Secret\u00e1rio&#8230;<\/p>\n","protected":false},"author":3,"featured_media":17428,"comment_status":"open","ping_status":"open","sticky":false,"template":"","format":"standard","meta":{"footnotes":""},"categories":[26,76,18],"tags":[],"_links":{"self":[{"href":"https:\/\/fetems.org.br\/fetems\/wp-json\/wp\/v2\/posts\/17424"}],"collection":[{"href":"https:\/\/fetems.org.br\/fetems\/wp-json\/wp\/v2\/posts"}],"about":[{"href":"https:\/\/fetems.org.br\/fetems\/wp-json\/wp\/v2\/types\/post"}],"author":[{"embeddable":true,"href":"https:\/\/fetems.org.br\/fetems\/wp-json\/wp\/v2\/users\/3"}],"replies":[{"embeddable":true,"href":"https:\/\/fetems.org.br\/fetems\/wp-json\/wp\/v2\/comments?post=17424"}],"version-history":[{"count":1,"href":"https:\/\/fetems.org.br\/fetems\/wp-json\/wp\/v2\/posts\/17424\/revisions"}],"predecessor-version":[{"id":17429,"href":"https:\/\/fetems.org.br\/fetems\/wp-json\/wp\/v2\/posts\/17424\/revisions\/17429"}],"wp:featuredmedia":[{"embeddable":true,"href":"https:\/\/fetems.org.br\/fetems\/wp-json\/wp\/v2\/media\/17428"}],"wp:attachment":[{"href":"https:\/\/fetems.org.br\/fetems\/wp-json\/wp\/v2\/media?parent=17424"}],"wp:term":[{"taxonomy":"category","embeddable":true,"href":"https:\/\/fetems.org.br\/fetems\/wp-json\/wp\/v2\/categories?post=17424"},{"taxonomy":"post_tag","embeddable":true,"href":"https:\/\/fetems.org.br\/fetems\/wp-json\/wp\/v2\/tags?post=17424"}],"curies":[{"name":"wp","href":"https:\/\/api.w.org\/{rel}","templated":true}]}}