{"id":19198,"date":"2023-07-24T11:04:19","date_gmt":"2023-07-24T14:04:19","guid":{"rendered":"https:\/\/fetems.org.br\/fetems\/?p=19198"},"modified":"2025-01-13T09:58:42","modified_gmt":"2025-01-13T12:58:42","slug":"secretaria-dos-trabalhadoresas-administrativos-da-fetems-idalina-silva-participa-coletivo-da-cnte-no-processo-de-formacao-e-debate-do-piso-salarial-em-brasilia","status":"publish","type":"post","link":"https:\/\/fetems.org.br\/fetems\/secretaria-dos-trabalhadoresas-administrativos-da-fetems-idalina-silva-participa-coletivo-da-cnte-no-processo-de-formacao-e-debate-do-piso-salarial-em-brasilia\/","title":{"rendered":"Secret\u00e1ria dos Trabalhadores(as) Administrativos da FETEMS, Idalina Silva participa Coletivo da CNTE no Processo de forma\u00e7\u00e3o e debate do piso salarial, em Bras\u00edlia"},"content":{"rendered":"\n<p><\/p>\n\n\n\n<p>A Secret\u00e1ria dos(as) Trabalhadores(as) Administrativos em Educa\u00e7\u00e3o da FETEMS (Federa\u00e7\u00e3o dos Trabalhadores em Educa\u00e7\u00e3o de Mato Grosso do Sul), Idalina Silva participou nos dias 20 e 21 de julho, em Bras\u00edlia, da reuni\u00e3o do Coletivo dos\/as Funcion\u00e1rios\/as da Confedera\u00e7\u00e3o Nacional dos Trabalhadores em Educa\u00e7\u00e3o (CNTE). O evento contou com a participa\u00e7\u00e3o de 26 entidades sindicais, entre Federa\u00e7\u00f5es e SIndicatos, que debateram sobre a conjuntura educacional e geral da categoria.<\/p>\n\n\n\n<p>\u201cA nossa luta, da FETEMS e da CNTE, em defesa do Piso Salarial para os(as) Funcion\u00e1rios(as) Administrativos em Educa\u00e7\u00e3o \u00e9 unificada, conforme o artigo 206, da Constitui\u00e7\u00e3o Federal. O coletivo tamb\u00e9m discutiu o retorno da implanta\u00e7\u00e3o do profuncion\u00e1rio. Foi um encintro bastante produtivo na valoriza\u00e7\u00e3o dos(as) Profissionais em Educa\u00e7\u00e3o\u201d, enfatizou a Secret\u00e1ria dos Trabalhadores(as) Administrativos da FETEMS, Idalina Silva.<\/p>\n\n\n\n<p>Durante o evento os(as) dirigentes tiveram a oportunidade de , da Constitui\u00e7\u00e3o Federalpartipar do Processo de forma\u00e7\u00e3o e debater sobre Piso Salarial dos(as) Trabalhadores(as) em Educa\u00e7\u00e3o, que foram temas centrais de debates no Coletivo de Funcion\u00e1rios(as).<\/p>\n\n\n\n<p>O secret\u00e1rio de Funcion\u00e1rios da Educa\u00e7\u00e3o da CNTE, Jos\u00e9 Carlos Bueno do Prado, o Zezinho, comemorou a volta dos encontros presenciais dos coletivos, j\u00e1 que nos \u00faltimos anos a pandemia impossibilitou esses momentos, junto com um desgoverno que prejudicou toda a pauta educacional. Agora, os filiados conseguem tratar dos seus interesses pol\u00edticos. \u201cForam anos dif\u00edceis que agora a gente tem que acelerar para recuperar\u201d, destacou.&nbsp;<\/p>\n\n\n\n<p><strong>Homenagem<\/strong><\/p>\n\n\n\n<p>Os funcion\u00e1rios da educa\u00e7\u00e3o tamb\u00e9m fizeram um minuto de sil\u00eancio em homenagem a Jo\u00e3o Alexandrino, companheiro de muitas lutas da categoria. Ele faleceu em mar\u00e7o deste ano.<\/p>\n\n\n\n<p>Alexandrino foi dirigente do Sindicato dos Trabalhadores em Educa\u00e7\u00e3o do Estado de Pernambuco (Sintepe) e ocupou como coordenador o Departamento de Funcion\u00e1rios da Educa\u00e7\u00e3o (DEFE) da CNTE. Ele defendia o lema de \u201cfuncion\u00e1rio da educa\u00e7\u00e3o \u00e9 tamb\u00e9m educador\u201d enquanto participava da pol\u00edtica sindical para romper a invisibilidade dos\/as funcion\u00e1rios e funcion\u00e1rias das escolas brasileiras.<\/p>\n","protected":false},"excerpt":{"rendered":"<p>A Secret\u00e1ria dos(as) Trabalhadores(as) Administrativos em Educa\u00e7\u00e3o da FETEMS (Federa\u00e7\u00e3o dos Trabalhadores em Educa\u00e7\u00e3o de Mato Grosso do Sul), Idalina Silva participou nos dias 20&#8230;<\/p>\n","protected":false},"author":3,"featured_media":19199,"comment_status":"open","ping_status":"open","sticky":false,"template":"","format":"standard","meta":{"footnotes":""},"categories":[82,26,18],"tags":[],"_links":{"self":[{"href":"https:\/\/fetems.org.br\/fetems\/wp-json\/wp\/v2\/posts\/19198"}],"collection":[{"href":"https:\/\/fetems.org.br\/fetems\/wp-json\/wp\/v2\/posts"}],"about":[{"href":"https:\/\/fetems.org.br\/fetems\/wp-json\/wp\/v2\/types\/post"}],"author":[{"embeddable":true,"href":"https:\/\/fetems.org.br\/fetems\/wp-json\/wp\/v2\/users\/3"}],"replies":[{"embeddable":true,"href":"https:\/\/fetems.org.br\/fetems\/wp-json\/wp\/v2\/comments?post=19198"}],"version-history":[{"count":1,"href":"https:\/\/fetems.org.br\/fetems\/wp-json\/wp\/v2\/posts\/19198\/revisions"}],"predecessor-version":[{"id":19200,"href":"https:\/\/fetems.org.br\/fetems\/wp-json\/wp\/v2\/posts\/19198\/revisions\/19200"}],"wp:featuredmedia":[{"embeddable":true,"href":"https:\/\/fetems.org.br\/fetems\/wp-json\/wp\/v2\/media\/19199"}],"wp:attachment":[{"href":"https:\/\/fetems.org.br\/fetems\/wp-json\/wp\/v2\/media?parent=19198"}],"wp:term":[{"taxonomy":"category","embeddable":true,"href":"https:\/\/fetems.org.br\/fetems\/wp-json\/wp\/v2\/categories?post=19198"},{"taxonomy":"post_tag","embeddable":true,"href":"https:\/\/fetems.org.br\/fetems\/wp-json\/wp\/v2\/tags?post=19198"}],"curies":[{"name":"wp","href":"https:\/\/api.w.org\/{rel}","templated":true}]}}