{"id":19550,"date":"2023-09-18T10:13:24","date_gmt":"2023-09-18T13:13:24","guid":{"rendered":"https:\/\/fetems.org.br\/fetems\/?p=19550"},"modified":"2023-09-18T10:13:30","modified_gmt":"2023-09-18T13:13:30","slug":"fetems-no-mato-grosso-do-sul-o-encontro-de-geracoes-e-uma-festa","status":"publish","type":"post","link":"https:\/\/fetems.org.br\/fetems\/fetems-no-mato-grosso-do-sul-o-encontro-de-geracoes-e-uma-festa\/","title":{"rendered":"FETEMS: No Mato Grosso do Sul, o encontro de gera\u00e7\u00f5es \u00e9 uma festa"},"content":{"rendered":"\n<p>A Federa\u00e7\u00e3o dos Trabalhadores em Educa\u00e7\u00e3o de Mato Grosso do Sul (FETEMS) realiza, trimestralmente, o Sarau Sindical e Cultural dos Aposentados e Aposentadas Sul-mato-grossenses, com muito ainda para contribuir com a luta da categoria. Nesses encontros, aposentados e ativos podem trocar experi\u00eancias e hist\u00f3rias de lutas, com os mais velhos atuando como mentores da nova gera\u00e7\u00e3o. Al\u00e9m disso, ainda tem apresenta\u00e7\u00f5es culturais, arte livre, dan\u00e7a, teatro, poesia, muita m\u00fasica e divers\u00e3o.<\/p>\n\n\n\n<p>A Secretaria dos Aposentados da FETEMS tem como objetivo principal manter os filiados, mesmo ap\u00f3s a aposentadoria, com oportunidades de participa\u00e7\u00e3o na luta dos Profissionais em Educa\u00e7\u00e3o. Por isso, criou o projeto \u201cSarau Sindical e Cultural dos Aposentados e Aposentadas\u201d, que tem at\u00e9 um boteco simb\u00f3lico, para que esse grupo possa continuar atento \u00e0s mudan\u00e7as que ocorrem nas esferas municipal, estadual e federal. Pois \u00e9 importante que os Aposentados e Aposentadas possam assumir compromissos de fazer uma releitura de como era antes e de como est\u00e1 a conjuntura pol\u00edtica, para tomar ci\u00eancia de que n\u00e3o podem ficar parados no tempo.<\/p>\n\n\n\n<p><strong>Encontro de gera\u00e7\u00f5es<\/strong><\/p>\n\n\n\n<p>Na opini\u00e3o da secret\u00e1ria dos Aposentados, Olinda Concei\u00e7\u00e3o da Silva, a import\u00e2ncia do Sarau vai al\u00e9m da divers\u00e3o e do encontro.\u201cO Sarau tornou-se um espa\u00e7o relevante para fazermos o debate, inclusive junto aos jovens trabalhadores e trabalhadoras que, muitas vezes, n\u00e3o conseguem entender a import\u00e2ncia do Sindicato\u201d, enfatiza. Para ela, os filiados aposentados e aposentadas da FETEMS representam experi\u00eancias acumuladas ao longo de uma constru\u00e7\u00e3o. E o fato de poderem compartilhar essa viv\u00eancia com os demais Profissionais em Educa\u00e7\u00e3o, que ainda est\u00e3o na ativa, \u00e9 a melhor decis\u00e3o para um Sindicato combativo, respeitado como refer\u00eancia de luta e resist\u00eancia, ao longo de 44 anos no estado de Mato Grosso do Sul. \u201cDessa forma, os aposentados da Educa\u00e7\u00e3o P\u00fablica continuam atuando como mentores dessa nova gera\u00e7\u00e3o. E assim abrimos novos caminhos para manter nossa Federa\u00e7\u00e3o cada vez mais forte, propositiva e com pessoas engajadas em todas as frentes de lutas\u201d, complementa a secret\u00e1ria.<\/p>\n\n\n\n<p><strong>Sarau itinerante<\/strong><\/p>\n\n\n\n<p>O sucesso do Sarau foi t\u00e3o expressivo, que o presidente da FETEMS, professor Jaime Teixeira, pretende expandir o evento para todo o estado. \u201cA partir desse ano, o Projeto Sarau Sindical Cultural ganha um novo formato. Sair\u00e1 da capital e passar\u00e1 nas 14 Regionais de Mato Grosso do Sul, com muito debate, palestras, arte, cultura, din\u00e2mica e reencontros dos Aposentados contribuindo com suas hist\u00f3rias de vida e fortalecendo, cada vez mais, nossa FETEMS\u201d, explica Teixeira. J\u00e1 para a vice-presidente da FETEMS, professora Deumeires Morais, o sucesso do evento tem nome: \u201cA Secret\u00e1ria dos Aposentados, atrav\u00e9s da professora Olinda, vem atuando de forma forte, alegre e empolgante, que tem atingido o objetivo de mobilizar nossos Aposentados para as atividades culturais e festivas, assim como, nas lutas em defesa das pautas da categoria\u201d, comemora a vice. \u201cMuito importante contarmos com a participa\u00e7\u00e3o desses valorosos companheiros, pois nos fortalecem e nos motivam para continuarmos firmes e fortes na defesa da nossa categoria\u201d, finaliza.<\/p>\n\n\n\n<p><br><\/p>\n","protected":false},"excerpt":{"rendered":"<p>FETEMS \u00e9 destaque na revista Atualidade da CNTE  <\/p>\n","protected":false},"author":5,"featured_media":19551,"comment_status":"open","ping_status":"open","sticky":false,"template":"","format":"standard","meta":{"footnotes":""},"categories":[86,26,52],"tags":[],"_links":{"self":[{"href":"https:\/\/fetems.org.br\/fetems\/wp-json\/wp\/v2\/posts\/19550"}],"collection":[{"href":"https:\/\/fetems.org.br\/fetems\/wp-json\/wp\/v2\/posts"}],"about":[{"href":"https:\/\/fetems.org.br\/fetems\/wp-json\/wp\/v2\/types\/post"}],"author":[{"embeddable":true,"href":"https:\/\/fetems.org.br\/fetems\/wp-json\/wp\/v2\/users\/5"}],"replies":[{"embeddable":true,"href":"https:\/\/fetems.org.br\/fetems\/wp-json\/wp\/v2\/comments?post=19550"}],"version-history":[{"count":1,"href":"https:\/\/fetems.org.br\/fetems\/wp-json\/wp\/v2\/posts\/19550\/revisions"}],"predecessor-version":[{"id":19552,"href":"https:\/\/fetems.org.br\/fetems\/wp-json\/wp\/v2\/posts\/19550\/revisions\/19552"}],"wp:featuredmedia":[{"embeddable":true,"href":"https:\/\/fetems.org.br\/fetems\/wp-json\/wp\/v2\/media\/19551"}],"wp:attachment":[{"href":"https:\/\/fetems.org.br\/fetems\/wp-json\/wp\/v2\/media?parent=19550"}],"wp:term":[{"taxonomy":"category","embeddable":true,"href":"https:\/\/fetems.org.br\/fetems\/wp-json\/wp\/v2\/categories?post=19550"},{"taxonomy":"post_tag","embeddable":true,"href":"https:\/\/fetems.org.br\/fetems\/wp-json\/wp\/v2\/tags?post=19550"}],"curies":[{"name":"wp","href":"https:\/\/api.w.org\/{rel}","templated":true}]}}