{"id":19643,"date":"2023-09-28T16:17:52","date_gmt":"2023-09-28T19:17:52","guid":{"rendered":"https:\/\/fetems.org.br\/fetems\/?p=19643"},"modified":"2025-01-13T09:59:09","modified_gmt":"2025-01-13T12:59:09","slug":"direcao-do-simted-de-brasilandia-se-reune-com-vereadores-para-debater-e-pedir-apoio-na-revisao-de-planos-de-cargos-carreiras-e-remuneracao-dos-profissionais-em-educacao","status":"publish","type":"post","link":"https:\/\/fetems.org.br\/fetems\/direcao-do-simted-de-brasilandia-se-reune-com-vereadores-para-debater-e-pedir-apoio-na-revisao-de-planos-de-cargos-carreiras-e-remuneracao-dos-profissionais-em-educacao\/","title":{"rendered":"Dire\u00e7\u00e3o do SIMTED de Brasil\u00e2ndia se re\u00fane com vereadores para debater e pedir apoio na Revis\u00e3o de Planos de Cargos, Carreiras e Remunera\u00e7\u00e3o dos Profissionais em Educa\u00e7\u00e3o"},"content":{"rendered":"\n<p><\/p>\n\n\n\n<pre class=\"wp-block-code\"><code>                 A Presidente do SIMTED de Brasil\u00e2ndia-MS, Professora Maria In\u00eas Anselmo Costa, juntamente com a Comiss\u00e3o dos Trabalhadores em Educa\u00e7\u00e3o, formada pelos Membros da Diretoria Executiva do SIMTED, representando os Administrativos em Educa\u00e7\u00e3o: Ednalva de Andrade Telles, Julio Cezar Moraes do Amaral e representando os Professores e Especialistas em Educa\u00e7\u00e3o: Alesandra Aparecida de Melo Ribeiro e Maria Aparecida da Silva se reuniram no dia 28 de setembro com o Presidente da C\u00e2mara Municipal Nivaldo Nunes, Assessor Jur\u00eddico Parlamentar Renato Farias de Souza, Presidente da Comiss\u00e3o Permanente de Educa\u00e7\u00e3o, Sa\u00fade e Assist\u00eancia Social Vereadora Aurineia de Almeida Halsback e membro da Comiss\u00e3o Permanente Vereador Edson Pereira Costa. <\/code><\/pre>\n\n\n\n<p>A reuni\u00e3o foi debater, analisar, propor sugest\u00f5es, emendas e altera\u00e7\u00f5es relevantes e pertinentes nos Projetos de Leis N\u00ba 38\/2.023, N\u00ba 39\/2.023 e N\u00ba 40\/2.023 (Revis\u00e3o de Planos de Cargos, Carreiras e Remunera\u00e7\u00e3o) que tramitam no Poder Legislativo.<br>Foi realizado uma leitura e esclarecimentos pela Comiss\u00e3o do SIMTED a todos os presentes do Of\u00edcio N\u00ba 051\/2.023 entregue a Comiss\u00e3o Permanente para a an\u00e1lise e posteriormente resposta a categoria nas solicita\u00e7\u00f5es elencadas no citado Of\u00edcio.<br>A Presidente do SIMTED e Comiss\u00e3o, Professora Maria In\u00eas Anselmo Costa agradeceu \u201ca parceria e o compromisso desta Casa de Leis, como tamb\u00e9m a receptividade da Comiss\u00e3o Permanente da Educa\u00e7\u00e3o, por manter um amplo di\u00e1logo e debate, para constru\u00e7\u00e3o e revis\u00e3o dos pontos apresentados pela classe, dos planos de Cargos e Carreiras dos Servidores P\u00fablicos de Brasil\u00e2ndia a serem posteriormente aprovados por esta Casa de Leis e nobres Edis. Continuamos as negocia\u00e7\u00f5es com o Legislativo e assim que obtivermos retorno estaremos repassando para a categoria\u201d.<\/p>\n","protected":false},"excerpt":{"rendered":"<p>A reuni\u00e3o foi debater, analisar, propor sugest\u00f5es, emendas e altera\u00e7\u00f5es relevantes e pertinentes nos Projetos de Leis N\u00ba 38\/2.023, N\u00ba 39\/2.023 e N\u00ba 40\/2.023 (Revis\u00e3o&#8230;<\/p>\n","protected":false},"author":3,"featured_media":19644,"comment_status":"open","ping_status":"open","sticky":false,"template":"","format":"standard","meta":{"footnotes":""},"categories":[26,18],"tags":[],"_links":{"self":[{"href":"https:\/\/fetems.org.br\/fetems\/wp-json\/wp\/v2\/posts\/19643"}],"collection":[{"href":"https:\/\/fetems.org.br\/fetems\/wp-json\/wp\/v2\/posts"}],"about":[{"href":"https:\/\/fetems.org.br\/fetems\/wp-json\/wp\/v2\/types\/post"}],"author":[{"embeddable":true,"href":"https:\/\/fetems.org.br\/fetems\/wp-json\/wp\/v2\/users\/3"}],"replies":[{"embeddable":true,"href":"https:\/\/fetems.org.br\/fetems\/wp-json\/wp\/v2\/comments?post=19643"}],"version-history":[{"count":2,"href":"https:\/\/fetems.org.br\/fetems\/wp-json\/wp\/v2\/posts\/19643\/revisions"}],"predecessor-version":[{"id":19646,"href":"https:\/\/fetems.org.br\/fetems\/wp-json\/wp\/v2\/posts\/19643\/revisions\/19646"}],"wp:featuredmedia":[{"embeddable":true,"href":"https:\/\/fetems.org.br\/fetems\/wp-json\/wp\/v2\/media\/19644"}],"wp:attachment":[{"href":"https:\/\/fetems.org.br\/fetems\/wp-json\/wp\/v2\/media?parent=19643"}],"wp:term":[{"taxonomy":"category","embeddable":true,"href":"https:\/\/fetems.org.br\/fetems\/wp-json\/wp\/v2\/categories?post=19643"},{"taxonomy":"post_tag","embeddable":true,"href":"https:\/\/fetems.org.br\/fetems\/wp-json\/wp\/v2\/tags?post=19643"}],"curies":[{"name":"wp","href":"https:\/\/api.w.org\/{rel}","templated":true}]}}