{"id":19658,"date":"2023-10-03T21:41:15","date_gmt":"2023-10-04T00:41:15","guid":{"rendered":"https:\/\/fetems.org.br\/fetems\/?p=19658"},"modified":"2025-01-13T09:59:08","modified_gmt":"2025-01-13T12:59:08","slug":"curso-de-formacao-pedagogica-educacional-da-fetems-teve-sua-aula-inaugural","status":"publish","type":"post","link":"https:\/\/fetems.org.br\/fetems\/curso-de-formacao-pedagogica-educacional-da-fetems-teve-sua-aula-inaugural\/","title":{"rendered":"Curso de Forma\u00e7\u00e3o Pedag\u00f3gica Educacional da FETEMS teve sua aula inaugural"},"content":{"rendered":"\n<p><strong>O Curso de Forma\u00e7\u00e3o Pedag\u00f3gica Educacional realizado pela FETEMS, em parceria com os 74 Sindicatos Municipais filiados, teve sua aula inaugural nesta segunda-feira(02), e segue at\u00e9 16 de novembro.<\/strong><\/p>\n\n\n\n<p>O curso que tem o objetivo de preparar os(as) professores(as) filiados(as) para o Processo Seletivo da SED(Secretaria Estadual de Educa\u00e7\u00e3o), sendo totalmente online atrav\u00e9s da plataforma ZOOM. As aulas ocorrem duas vezes por semana.<\/p>\n\n\n\n<p>Na segunda e quarta-feira, das 18h \u00e0s 21h. Ressalvando na \u00faltima semana do curso que as aulas ocorrer\u00e3o na ter\u00e7a e quinta-feira.<\/p>\n\n\n\n<p>A coordenadora do Curso, a Vice-Presidenta da FETEMS Deumeires Morais, avaliou a import\u00e2ncia do Curso de Forma\u00e7\u00e3o Pedag\u00f3gica. \u201cO Processo Seletivo \u00e9 uma forma mais democr\u00e1tica para atribui\u00e7\u00e3o de aulas \u00e0s(aos) professoras(es) tempor\u00e1rios. A realiza\u00e7\u00e3o do Curso de Forma\u00e7\u00e3o Pedag\u00f3gica Educacional pela FETEMS e Simteds tem o intuito de contribuir com a atualiza\u00e7\u00e3o do conhecimento dos cursistas de v\u00e1rios assuntos que normalmente norteiam a elabora\u00e7\u00e3o das provas dos concursos e consequentemente do Processo Seletivo\u201d, destacou a Vice-Presidenta da FETEMS.<\/p>\n\n\n\n<p>Essa primeira aula contou com a participa\u00e7\u00e3o do Presidente da FETEMS, Professor Jaime Teixeira, que fez uma contextualiza\u00e7\u00e3o do momento do movimento sindical e uma atualiza\u00e7\u00e3o das negocia\u00e7\u00f5es Salariais.<\/p>\n\n\n\n<p>A aula foi ministrada pelo Professor Dr. Onivan Lima Correa, que abordou, a Lei de Diretrizes e Bases &#8211; Lei n. 9.394 e pelo Professor Me. Nilson Francisco da Silva, que teve como tema, a legisla\u00e7\u00e3o 13.415.<\/p>\n\n\n\n<p><strong>Veja o Cronograma:<\/strong><br><strong>Primeira Semana:<\/strong> 02 e 04\/10 &#8211; Media\u00e7\u00e3o Professora Deumeires Morais (Vice-Presidenta da FETEMS)<br><strong>Tema: <\/strong>LDB &#8211; Lei n. 9.394, de 20 de dezembro de 1996 &#8211;<br><strong>Dura\u00e7\u00e3o:<\/strong> 1 hora e meia<br><strong>Professor: <\/strong>Dr. Onivan Lima Correa<\/p>\n\n\n\n<p><strong>Tema: <\/strong>Lei n. 13.415, de 16 de fevereiro de 2017 \u2013 Altera as Leis n. 9.394, de 20 de dezembro de 1996. <strong>Dura\u00e7\u00e3o:<\/strong>1 hora e meia<br><strong>Professor:<\/strong> Me. Nilson Francisco da Silva<\/p>\n\n\n\n<p><strong>Segunda Semana: 16 e 18\/10<\/strong><br><strong>Tema:<\/strong> BNCC &#8211; CNE\/CP n. 2, de 22 de Dezembro de 2017 &#8211;<br><strong>Dura\u00e7\u00e3o:<\/strong> 1 hora e meia<br><strong>Professora:<\/strong> Me. Sueli Veiga Melo<\/p>\n\n\n\n<p><strong>Tema:<\/strong> LEI N\u00ba 14.113, DE 25 DE DEZEMBRO DE 2020 &#8211; (Novo FUNDEB) &#8211;<br><strong>Dura\u00e7\u00e3o: <\/strong>1 hora e meia<br><strong>Professor: <\/strong>Me. Ezerral Souza<\/p>\n\n\n\n<p><strong>Terceira Semana: 23 e 25\/10<\/strong><br><strong>Tema:<\/strong> Lei Federal n. 8.069, de 13 de Julho de 1990 \u2013 Disp\u00f5e sobre o Estatuto da Crian\u00e7a e do Adolescente e Teorias da Aprendizagem &#8211;<br><strong>Dura\u00e7\u00e3o:<\/strong> 1 hora e meia<br><strong>Professor<\/strong>: Me. Nilson Francisco<br><strong>Tema:<\/strong> Resolu\u00e7\u00e3o CNE\/CEB n. 3, de 21 de Novembro de 2018 \u2013 Atualiza as Diretrizes Curriculares Nacionais para o Ensino M\u00e9dio (1 hora e meia)<br><strong>Professor:<\/strong> Dr. Onivan Lima Correa<\/p>\n\n\n\n<p><strong>Quarta Semana: 30\/10 e 01\/11<\/strong><br><strong>Tema:<\/strong> Avalia\u00e7\u00e3o formativa e avalia\u00e7\u00e3o da aprendizagem; e, Avalia\u00e7\u00f5es internas e externas e sua aplicabilidade na aprendizagem &#8211;<br><strong>Dura\u00e7\u00e3o: <\/strong>1 hora e meia<br><strong>Professora:<\/strong> Dr\u00aa Andreia Milit\u00e3o<\/p>\n\n\n\n<p><strong>Tema: <\/strong>Financiamento da Educa\u00e7\u00e3o P\u00fablica previsto na LDB e no PNE e PEEMS &#8211;<br><strong>Dura\u00e7\u00e3o:<\/strong> 1 hora e meia<br><strong>Professor<\/strong>: Me. Ezerral Souza<\/p>\n\n\n\n<p><strong>Quinta Semana: 06 e 08\/11<\/strong><br><strong>Tema:<\/strong> Proposta Pedag\u00f3gica\/Tend\u00eancias Pedag\u00f3gicas\/ Projeto Pol\u00edtico Pedag\u00f3gico &#8211; (Concep\u00e7\u00f5es Pedag\u00f3gicas) Lei 10.639, que estabelece as diretrizes e bases da educa\u00e7\u00e3o nacional, para incluir no curr\u00edculo oficial da rede de ensino a obrigatoriedade da tem\u00e1tica &#8220;hist\u00f3ria e cultura afrobrasileira&#8221;, e Lei 11.645 Lei 11.645\/2008 (que trata da obrigatoriedade da Hist\u00f3ria e cultura africana, afro-brasileira e ind\u00edgena; O Plano Nacional de Implementa\u00e7\u00e3o das Diretrizes Curriculares de Educa\u00e7\u00e3o as Rela\u00e7\u00f5es \u00c9tnico-Raciais e para o Ensino de Hist\u00f3ria e Cultura Africana e Afro-Brasileira<br><strong>Dura\u00e7\u00e3o:<\/strong> 1 hora e meia<br><strong>Professora:<\/strong> Dr\u00aa Andr\u00e9ia Milit\u00e3o e Professor Me. Nilson Francisco<\/p>\n\n\n\n<figure class=\"wp-block-gallery has-nested-images columns-default is-cropped wp-block-gallery-1 is-layout-flex wp-block-gallery-is-layout-flex\">\n<figure class=\"wp-block-image size-large\"><img loading=\"lazy\" decoding=\"async\" width=\"1024\" height=\"576\" data-id=\"19662\" src=\"https:\/\/fetems.org.br\/fetems\/wp-content\/uploads\/2023\/10\/AULA_CURSINHO_CAPA-1-1024x576.jpeg\" alt=\"\" class=\"wp-image-19662\" srcset=\"https:\/\/fetems.org.br\/fetems\/wp-content\/uploads\/2023\/10\/AULA_CURSINHO_CAPA-1-1024x576.jpeg 1024w, https:\/\/fetems.org.br\/fetems\/wp-content\/uploads\/2023\/10\/AULA_CURSINHO_CAPA-1-300x169.jpeg 300w, https:\/\/fetems.org.br\/fetems\/wp-content\/uploads\/2023\/10\/AULA_CURSINHO_CAPA-1-768x432.jpeg 768w, https:\/\/fetems.org.br\/fetems\/wp-content\/uploads\/2023\/10\/AULA_CURSINHO_CAPA-1.jpeg 1280w\" sizes=\"(max-width: 1024px) 100vw, 1024px\" \/><\/figure>\n\n\n\n<figure class=\"wp-block-image size-large\"><img loading=\"lazy\" decoding=\"async\" width=\"1024\" height=\"576\" data-id=\"19660\" src=\"https:\/\/fetems.org.br\/fetems\/wp-content\/uploads\/2023\/10\/AULA_INAUGURAL_CURSINHO7-1024x576.jpeg\" alt=\"\" class=\"wp-image-19660\" srcset=\"https:\/\/fetems.org.br\/fetems\/wp-content\/uploads\/2023\/10\/AULA_INAUGURAL_CURSINHO7-1024x576.jpeg 1024w, https:\/\/fetems.org.br\/fetems\/wp-content\/uploads\/2023\/10\/AULA_INAUGURAL_CURSINHO7-300x169.jpeg 300w, https:\/\/fetems.org.br\/fetems\/wp-content\/uploads\/2023\/10\/AULA_INAUGURAL_CURSINHO7-768x432.jpeg 768w, https:\/\/fetems.org.br\/fetems\/wp-content\/uploads\/2023\/10\/AULA_INAUGURAL_CURSINHO7.jpeg 1280w\" sizes=\"(max-width: 1024px) 100vw, 1024px\" \/><\/figure>\n\n\n\n<figure class=\"wp-block-image size-large\"><img loading=\"lazy\" decoding=\"async\" width=\"1024\" height=\"576\" data-id=\"19661\" src=\"https:\/\/fetems.org.br\/fetems\/wp-content\/uploads\/2023\/10\/AULA_INAUGURAL_CURSINHO5-1024x576.jpeg\" alt=\"\" class=\"wp-image-19661\" srcset=\"https:\/\/fetems.org.br\/fetems\/wp-content\/uploads\/2023\/10\/AULA_INAUGURAL_CURSINHO5-1024x576.jpeg 1024w, https:\/\/fetems.org.br\/fetems\/wp-content\/uploads\/2023\/10\/AULA_INAUGURAL_CURSINHO5-300x169.jpeg 300w, https:\/\/fetems.org.br\/fetems\/wp-content\/uploads\/2023\/10\/AULA_INAUGURAL_CURSINHO5-768x432.jpeg 768w, https:\/\/fetems.org.br\/fetems\/wp-content\/uploads\/2023\/10\/AULA_INAUGURAL_CURSINHO5.jpeg 1280w\" sizes=\"(max-width: 1024px) 100vw, 1024px\" \/><\/figure>\n\n\n\n<figure class=\"wp-block-image size-large\"><img loading=\"lazy\" decoding=\"async\" width=\"1024\" height=\"576\" data-id=\"19663\" src=\"https:\/\/fetems.org.br\/fetems\/wp-content\/uploads\/2023\/10\/AULA_INAUGURAL_CURSINHO4-1024x576.jpeg\" alt=\"\" class=\"wp-image-19663\" srcset=\"https:\/\/fetems.org.br\/fetems\/wp-content\/uploads\/2023\/10\/AULA_INAUGURAL_CURSINHO4-1024x576.jpeg 1024w, https:\/\/fetems.org.br\/fetems\/wp-content\/uploads\/2023\/10\/AULA_INAUGURAL_CURSINHO4-300x169.jpeg 300w, https:\/\/fetems.org.br\/fetems\/wp-content\/uploads\/2023\/10\/AULA_INAUGURAL_CURSINHO4-768x432.jpeg 768w, https:\/\/fetems.org.br\/fetems\/wp-content\/uploads\/2023\/10\/AULA_INAUGURAL_CURSINHO4.jpeg 1280w\" sizes=\"(max-width: 1024px) 100vw, 1024px\" \/><\/figure>\n\n\n\n<figure class=\"wp-block-image size-large\"><img loading=\"lazy\" decoding=\"async\" width=\"1024\" height=\"576\" data-id=\"19665\" src=\"https:\/\/fetems.org.br\/fetems\/wp-content\/uploads\/2023\/10\/AULA_INAUGURAL_CURSINHO3-1024x576.jpeg\" alt=\"\" class=\"wp-image-19665\" srcset=\"https:\/\/fetems.org.br\/fetems\/wp-content\/uploads\/2023\/10\/AULA_INAUGURAL_CURSINHO3-1024x576.jpeg 1024w, https:\/\/fetems.org.br\/fetems\/wp-content\/uploads\/2023\/10\/AULA_INAUGURAL_CURSINHO3-300x169.jpeg 300w, https:\/\/fetems.org.br\/fetems\/wp-content\/uploads\/2023\/10\/AULA_INAUGURAL_CURSINHO3-768x432.jpeg 768w, https:\/\/fetems.org.br\/fetems\/wp-content\/uploads\/2023\/10\/AULA_INAUGURAL_CURSINHO3.jpeg 1280w\" sizes=\"(max-width: 1024px) 100vw, 1024px\" \/><\/figure>\n\n\n\n<figure class=\"wp-block-image size-large\"><img loading=\"lazy\" decoding=\"async\" width=\"1024\" height=\"576\" data-id=\"19667\" src=\"https:\/\/fetems.org.br\/fetems\/wp-content\/uploads\/2023\/10\/AULA_INAUGURAL_CURSINHO2-1024x576.jpeg\" alt=\"\" class=\"wp-image-19667\" srcset=\"https:\/\/fetems.org.br\/fetems\/wp-content\/uploads\/2023\/10\/AULA_INAUGURAL_CURSINHO2-1024x576.jpeg 1024w, https:\/\/fetems.org.br\/fetems\/wp-content\/uploads\/2023\/10\/AULA_INAUGURAL_CURSINHO2-300x169.jpeg 300w, https:\/\/fetems.org.br\/fetems\/wp-content\/uploads\/2023\/10\/AULA_INAUGURAL_CURSINHO2-768x432.jpeg 768w, https:\/\/fetems.org.br\/fetems\/wp-content\/uploads\/2023\/10\/AULA_INAUGURAL_CURSINHO2.jpeg 1280w\" sizes=\"(max-width: 1024px) 100vw, 1024px\" \/><\/figure>\n\n\n\n<figure class=\"wp-block-image size-large\"><img loading=\"lazy\" decoding=\"async\" width=\"1024\" height=\"576\" data-id=\"19666\" src=\"https:\/\/fetems.org.br\/fetems\/wp-content\/uploads\/2023\/10\/AULA_INAUGURAL_CURSINHO1-1024x576.jpeg\" alt=\"\" class=\"wp-image-19666\" srcset=\"https:\/\/fetems.org.br\/fetems\/wp-content\/uploads\/2023\/10\/AULA_INAUGURAL_CURSINHO1-1024x576.jpeg 1024w, https:\/\/fetems.org.br\/fetems\/wp-content\/uploads\/2023\/10\/AULA_INAUGURAL_CURSINHO1-300x169.jpeg 300w, https:\/\/fetems.org.br\/fetems\/wp-content\/uploads\/2023\/10\/AULA_INAUGURAL_CURSINHO1-768x432.jpeg 768w, https:\/\/fetems.org.br\/fetems\/wp-content\/uploads\/2023\/10\/AULA_INAUGURAL_CURSINHO1.jpeg 1280w\" sizes=\"(max-width: 1024px) 100vw, 1024px\" \/><\/figure>\n\n\n\n<figure class=\"wp-block-image size-large\"><img loading=\"lazy\" decoding=\"async\" width=\"1024\" height=\"576\" data-id=\"19668\" src=\"https:\/\/fetems.org.br\/fetems\/wp-content\/uploads\/2023\/10\/AULA_INAUGURAL_CURSINHO-1024x576.jpeg\" alt=\"\" class=\"wp-image-19668\" srcset=\"https:\/\/fetems.org.br\/fetems\/wp-content\/uploads\/2023\/10\/AULA_INAUGURAL_CURSINHO-1024x576.jpeg 1024w, https:\/\/fetems.org.br\/fetems\/wp-content\/uploads\/2023\/10\/AULA_INAUGURAL_CURSINHO-300x169.jpeg 300w, https:\/\/fetems.org.br\/fetems\/wp-content\/uploads\/2023\/10\/AULA_INAUGURAL_CURSINHO-768x432.jpeg 768w, https:\/\/fetems.org.br\/fetems\/wp-content\/uploads\/2023\/10\/AULA_INAUGURAL_CURSINHO.jpeg 1280w\" sizes=\"(max-width: 1024px) 100vw, 1024px\" \/><\/figure>\n<\/figure>\n","protected":false},"excerpt":{"rendered":"<p>O Curso de Forma\u00e7\u00e3o Pedag\u00f3gica Educacional realizado pela FETEMS, em parceria com os 74 Sindicatos Municipais filiados, teve sua aula inaugural nesta segunda-feira(02), e segue at\u00e9 16 de novembro.<\/p>\n","protected":false},"author":5,"featured_media":19659,"comment_status":"open","ping_status":"open","sticky":false,"template":"","format":"standard","meta":{"footnotes":""},"categories":[26,18],"tags":[],"_links":{"self":[{"href":"https:\/\/fetems.org.br\/fetems\/wp-json\/wp\/v2\/posts\/19658"}],"collection":[{"href":"https:\/\/fetems.org.br\/fetems\/wp-json\/wp\/v2\/posts"}],"about":[{"href":"https:\/\/fetems.org.br\/fetems\/wp-json\/wp\/v2\/types\/post"}],"author":[{"embeddable":true,"href":"https:\/\/fetems.org.br\/fetems\/wp-json\/wp\/v2\/users\/5"}],"replies":[{"embeddable":true,"href":"https:\/\/fetems.org.br\/fetems\/wp-json\/wp\/v2\/comments?post=19658"}],"version-history":[{"count":1,"href":"https:\/\/fetems.org.br\/fetems\/wp-json\/wp\/v2\/posts\/19658\/revisions"}],"predecessor-version":[{"id":19669,"href":"https:\/\/fetems.org.br\/fetems\/wp-json\/wp\/v2\/posts\/19658\/revisions\/19669"}],"wp:featuredmedia":[{"embeddable":true,"href":"https:\/\/fetems.org.br\/fetems\/wp-json\/wp\/v2\/media\/19659"}],"wp:attachment":[{"href":"https:\/\/fetems.org.br\/fetems\/wp-json\/wp\/v2\/media?parent=19658"}],"wp:term":[{"taxonomy":"category","embeddable":true,"href":"https:\/\/fetems.org.br\/fetems\/wp-json\/wp\/v2\/categories?post=19658"},{"taxonomy":"post_tag","embeddable":true,"href":"https:\/\/fetems.org.br\/fetems\/wp-json\/wp\/v2\/tags?post=19658"}],"curies":[{"name":"wp","href":"https:\/\/api.w.org\/{rel}","templated":true}]}}