{"id":20420,"date":"2024-05-06T13:57:07","date_gmt":"2024-05-06T16:57:07","guid":{"rendered":"https:\/\/fetems.org.br\/fetems\/?p=20420"},"modified":"2025-01-13T09:59:44","modified_gmt":"2025-01-13T12:59:44","slug":"fetems-participa-da-marcha-da-classe-trabalhadora-no-dia-22-de-maio-em-brasilia","status":"publish","type":"post","link":"https:\/\/fetems.org.br\/fetems\/fetems-participa-da-marcha-da-classe-trabalhadora-no-dia-22-de-maio-em-brasilia\/","title":{"rendered":"Fetems participa da Marcha da Classe Trabalhadora no dia 22 de maio em Bras\u00edlia"},"content":{"rendered":"\n<p>Com o mote \u201cDignidade para quem faz o estado\u201d, servidores e servidoras da educa\u00e7\u00e3o p\u00fablica de todo o pa\u00eds v\u00e3o a Bras\u00edlia, no dia 22 de maio, para participar da Marcha da Classe Trabalhadora. A Federa\u00e7\u00e3o dos Trabalhadores em Educa\u00e7\u00e3o de Mato Grosso do Sul (Fetems), organiza uma caravana com quatro \u00f4nibus com representantes de todos os munic\u00edpios do estado para participar do evento, que \u00e9 convocado pela Central \u00danica dos Trabalhadores (CUT) e pela Confedera\u00e7\u00e3o Nacional dos Trabalhadores em Educa\u00e7\u00e3o (CNTE).<\/p>\n\n\n\n<p>A mobiliza\u00e7\u00e3o tem como foco tr\u00eas eixos de luta: A revoga\u00e7\u00e3o das reformas trabalhistas e previdenci\u00e1rias e pelo fim da lei das terceiriza\u00e7\u00f5es.&nbsp;Entre seus objetivos, a Marcha buscar\u00e1 apresentar uma agenda ao Congresso Nacional que garanta o pleno emprego, melhores sal\u00e1rios e um desenvolvimento econ\u00f4mico e social para o pa\u00eds.<\/p>\n\n\n\n<p>O Projeto de Emenda Constitucional n\u00ba 32\/20, da reforma administrativa Bolsonaro\/Guedes, amea\u00e7a os direitos dos servidores p\u00fablicos, assim como da popula\u00e7\u00e3o, e \u00e9 considerada por especialistas como a pior proposta sobre administra\u00e7\u00e3o p\u00fablica j\u00e1 enviada ao Congresso Nacional. Este ser\u00e1 um dos principais alvos da manifesta\u00e7\u00e3o. A mobiliza\u00e7\u00e3o vai cobrar a\u00e7\u00e3o de parlamentares para que n\u00e3o permitam o desmonte do servi\u00e7o p\u00fablico.&nbsp;<\/p>\n\n\n\n<p>Dentro do bloco dos servidores federais, estaduais e municipais, trabalhadores\/as da educa\u00e7\u00e3o de sindicatos filiados \u00e0 CNTE, dentre eles a Fetems, ir\u00e3o endossar a luta por uma perspectiva de carreira e de aposentadoria dignas.<\/p>\n\n\n\n<p>\u201cA Fetems e seus 74 sindicatos municipais filiados se mobiliza para participar desta grande e importante mobiliza\u00e7\u00e3o que \u00e9 a Marcha da Classe Trabalhadora. Estamos viabilizando quatro \u00f4nibus para que trabalhadores (as) em educa\u00e7\u00e3o de todos os munic\u00edpios do estado possam ir a Bras\u00edlia para defender e reivindicar uma educa\u00e7\u00e3o p\u00fablica de qualidade\u201d, falou o Presidente da Fetems, Jaime Teixeira.<\/p>\n\n\n\n<p>Al\u00e9m da PEC 32, a marcha luta pela:<\/p>\n\n\n\n<p>I- Regulamenta\u00e7\u00e3o da Conven\u00e7\u00e3o 151, que garante aos servidores o direito \u00e0 negocia\u00e7\u00e3o coletiva;<\/p>\n\n\n\n<p>II- Por um reajuste salarial digno aos servidores;<\/p>\n\n\n\n<p>III- Pela reestrutura\u00e7\u00e3o de carreiras e realiza\u00e7\u00e3o de concursos p\u00fablicos;<\/p>\n\n\n\n<p>IV-Pelo piso salarial e carreira da educa\u00e7\u00e3o;<\/p>\n\n\n\n<p>V- Pela aprova\u00e7\u00e3o da PEC 555, fim do confisco dos aposentados e pensionistas; e<\/p>\n\n\n\n<p>VI- Contra a Lei Complementar 173, que congelou direitos da categoria.&nbsp;<\/p>\n\n\n\n<p>A concentra\u00e7\u00e3o dos\/as trabalhadores\/as est\u00e1 marcada para \u00e0s 8h, no estacionamento da Funda\u00e7\u00e3o Nacional de Artes (Funarte), Eixo Monumental, em Bras\u00edlia.<\/p>\n","protected":false},"excerpt":{"rendered":"<p>Com o mote \u201cDignidade para quem faz o estado\u201d, servidores e servidoras da educa\u00e7\u00e3o p\u00fablica de todo o pa\u00eds v\u00e3o a Bras\u00edlia, no dia 22&#8230;<\/p>\n","protected":false},"author":6,"featured_media":20576,"comment_status":"open","ping_status":"open","sticky":true,"template":"","format":"standard","meta":{"footnotes":""},"categories":[26],"tags":[],"_links":{"self":[{"href":"https:\/\/fetems.org.br\/fetems\/wp-json\/wp\/v2\/posts\/20420"}],"collection":[{"href":"https:\/\/fetems.org.br\/fetems\/wp-json\/wp\/v2\/posts"}],"about":[{"href":"https:\/\/fetems.org.br\/fetems\/wp-json\/wp\/v2\/types\/post"}],"author":[{"embeddable":true,"href":"https:\/\/fetems.org.br\/fetems\/wp-json\/wp\/v2\/users\/6"}],"replies":[{"embeddable":true,"href":"https:\/\/fetems.org.br\/fetems\/wp-json\/wp\/v2\/comments?post=20420"}],"version-history":[{"count":1,"href":"https:\/\/fetems.org.br\/fetems\/wp-json\/wp\/v2\/posts\/20420\/revisions"}],"predecessor-version":[{"id":20422,"href":"https:\/\/fetems.org.br\/fetems\/wp-json\/wp\/v2\/posts\/20420\/revisions\/20422"}],"wp:featuredmedia":[{"embeddable":true,"href":"https:\/\/fetems.org.br\/fetems\/wp-json\/wp\/v2\/media\/20576"}],"wp:attachment":[{"href":"https:\/\/fetems.org.br\/fetems\/wp-json\/wp\/v2\/media?parent=20420"}],"wp:term":[{"taxonomy":"category","embeddable":true,"href":"https:\/\/fetems.org.br\/fetems\/wp-json\/wp\/v2\/categories?post=20420"},{"taxonomy":"post_tag","embeddable":true,"href":"https:\/\/fetems.org.br\/fetems\/wp-json\/wp\/v2\/tags?post=20420"}],"curies":[{"name":"wp","href":"https:\/\/api.w.org\/{rel}","templated":true}]}}