{"id":20876,"date":"2024-09-05T12:00:10","date_gmt":"2024-09-05T15:00:10","guid":{"rendered":"https:\/\/fetems.org.br\/fetems\/?p=20876"},"modified":"2025-01-13T10:01:11","modified_gmt":"2025-01-13T13:01:11","slug":"fetems-repudia-rejeicao-da-indicacao-da-professora-dra-lueli-nogueira-duarte-e-silva-ao-conselho-estadual-de-educacao-do-goiasnota-de-repudio","status":"publish","type":"post","link":"https:\/\/fetems.org.br\/fetems\/fetems-repudia-rejeicao-da-indicacao-da-professora-dra-lueli-nogueira-duarte-e-silva-ao-conselho-estadual-de-educacao-do-goiasnota-de-repudio\/","title":{"rendered":"FETEMS repudia rejei\u00e7\u00e3o da indica\u00e7\u00e3o da Professora Dra. Lueli Nogueira Duarte e Silva ao Conselho Estadual de Educa\u00e7\u00e3o do Goi\u00e1s"},"content":{"rendered":"\n<p>A Federa\u00e7\u00e3o dos Trabalhadores em Educa\u00e7\u00e3o de Mato Grosso do Sul (FETEMS) vem a p\u00fablico manifestar veemente rep\u00fadio \u00e0 decis\u00e3o tomada pela Comiss\u00e3o de Constitui\u00e7\u00e3o, Justi\u00e7a e Reda\u00e7\u00e3o (CCJ), da Assembleia Legislativa de Goi\u00e1s (Alego), que rejeitou a indica\u00e7\u00e3o da professora Dra. Lueli Nogueira Duarte e Silva para a composi\u00e7\u00e3o do Conselho Estadual de Educa\u00e7\u00e3o.<\/p>\n\n\n\n<p>A professora Dra. Lueli Nogueira Duarte e Silva \u00e9 representante do ForumDir no FNE e diretora da Faculdade de Educa\u00e7\u00e3o da Universidade Federal de Goi\u00e1s, presta servi\u00e7os relevantes \u00e0 educa\u00e7\u00e3o com reconhecida experi\u00eancia e compet\u00eancia. Teve seu nome indicado pelo F\u00f3rum Estadual de Educa\u00e7\u00e3o de Goi\u00e1s e encaminhado pelo governador Ronaldo Caiado (UB).<\/p>\n\n\n\n<p>A mat\u00e9ria foi relatada pelo deputado Amauri Ribeiro (UB), que deu parecer contr\u00e1rio \u00e0 indica\u00e7\u00e3o da professora Dra. Lueli Nogueira Duarte e Silva sob fundamentos ideol\u00f3gicos, desconsiderando a capacidade t\u00e9cnica e a idoneidade da indicada.&nbsp;<\/p>\n\n\n\n<p>Amauri Ribeiro criticou o posicionamento da professora em rela\u00e7\u00e3o aos livros did\u00e1ticos utilizados na rede de ensino e aprovados pelo Plano Nacional de Livro Did\u00e1tico (PNLD) e reiterou: \u201cO curr\u00edculo dela pode ser bom, mas a ideologia dela n\u00e3o. N\u00e3o quero uma professora de esquerda para minha filha\u201d. Tal vis\u00e3o demonstra uma falta de compromisso com a pluralidade de pensamentos e com a qualidade educacional, aspectos fundamentais para o desenvolvimento de uma educa\u00e7\u00e3o democr\u00e1tica e inclusiva.<\/p>\n\n\n\n<p>A Comiss\u00e3o de Constitui\u00e7\u00e3o, Justi\u00e7a e Reda\u00e7\u00e3o tem, entre outras compet\u00eancias, a fun\u00e7\u00e3o de analisar os aspectos constitucional, jur\u00eddico, legal, regimental, de t\u00e9cnica legislativa e reda\u00e7\u00e3o dos projetos, emendas ou substitutivos. \u00c9 um desvio de finalidade desta comiss\u00e3o a an\u00e1lise que justifica a rejei\u00e7\u00e3o da prof. Lueli, sem considerar par\u00e2metros objetivos para atribuir a indicada a desqualifica\u00e7\u00e3o para o cargo. Segundo o deputado Talles Barreto (UB), que concordava com a vis\u00e3o ideol\u00f3gica de seu colega relator, mas diverge ao achar que tirar o direito de um dos membros do Conselho Estadual de Educa\u00e7\u00e3o \u00e9 uma viola\u00e7\u00e3o.<\/p>\n\n\n\n<p>A deputada Bia de Lima (PT) manifestou posicionamento favor\u00e1vel pela indica\u00e7\u00e3o e pontuou a capacidade t\u00e9cnica da indicada. A parlamentar disse ainda n\u00e3o caber \u00e0 Assembleia fazer cerceamento ideol\u00f3gico e sim avaliar o curr\u00edculo, a idoneidade do nome indicado e a clareza em rela\u00e7\u00e3o \u00e0 sua posi\u00e7\u00e3o no conselho. Afirma que durante a sabatina da Sra. Lueli Nogueira, n\u00e3o teve absolutamente nada impr\u00f3prio. Denuncia ainda o car\u00e1ter vergonhoso desta Casa ao cercear a indica\u00e7\u00e3o, que tem mais de 30 entidades relacionadas \u00e0 educa\u00e7\u00e3o que s\u00e3o favor\u00e1veis a ela, sendo o nome mais bem avaliado. A FETEMS mediante ao exposto exige crit\u00e9rios na escolha dos Conselheiros dos Conselhos de Educa\u00e7\u00e3o e solicita a aprecia\u00e7\u00e3o e aprova\u00e7\u00e3o, pelo plen\u00e1rio, da leg\u00edtima indica\u00e7\u00e3o da Professora Dra. Lueli Nogueira Duarte e Silva.<\/p>\n","protected":false},"excerpt":{"rendered":"<p>A Federa\u00e7\u00e3o dos Trabalhadores em Educa\u00e7\u00e3o de Mato Grosso do Sul (FETEMS) vem a p\u00fablico manifestar veemente rep\u00fadio \u00e0 decis\u00e3o tomada pela Comiss\u00e3o de Constitui\u00e7\u00e3o,&#8230;<\/p>\n","protected":false},"author":12,"featured_media":20880,"comment_status":"open","ping_status":"open","sticky":false,"template":"","format":"standard","meta":{"footnotes":""},"categories":[1,26,18],"tags":[],"_links":{"self":[{"href":"https:\/\/fetems.org.br\/fetems\/wp-json\/wp\/v2\/posts\/20876"}],"collection":[{"href":"https:\/\/fetems.org.br\/fetems\/wp-json\/wp\/v2\/posts"}],"about":[{"href":"https:\/\/fetems.org.br\/fetems\/wp-json\/wp\/v2\/types\/post"}],"author":[{"embeddable":true,"href":"https:\/\/fetems.org.br\/fetems\/wp-json\/wp\/v2\/users\/12"}],"replies":[{"embeddable":true,"href":"https:\/\/fetems.org.br\/fetems\/wp-json\/wp\/v2\/comments?post=20876"}],"version-history":[{"count":2,"href":"https:\/\/fetems.org.br\/fetems\/wp-json\/wp\/v2\/posts\/20876\/revisions"}],"predecessor-version":[{"id":20879,"href":"https:\/\/fetems.org.br\/fetems\/wp-json\/wp\/v2\/posts\/20876\/revisions\/20879"}],"wp:featuredmedia":[{"embeddable":true,"href":"https:\/\/fetems.org.br\/fetems\/wp-json\/wp\/v2\/media\/20880"}],"wp:attachment":[{"href":"https:\/\/fetems.org.br\/fetems\/wp-json\/wp\/v2\/media?parent=20876"}],"wp:term":[{"taxonomy":"category","embeddable":true,"href":"https:\/\/fetems.org.br\/fetems\/wp-json\/wp\/v2\/categories?post=20876"},{"taxonomy":"post_tag","embeddable":true,"href":"https:\/\/fetems.org.br\/fetems\/wp-json\/wp\/v2\/tags?post=20876"}],"curies":[{"name":"wp","href":"https:\/\/api.w.org\/{rel}","templated":true}]}}