{"id":20995,"date":"2025-01-29T12:47:44","date_gmt":"2025-01-29T15:47:44","guid":{"rendered":"https:\/\/fetems.org.br\/fetems\/?p=20995"},"modified":"2025-03-13T11:58:23","modified_gmt":"2025-03-13T14:58:23","slug":"fetems-participa-da-negociacao-salarial-do-municipio-de-jardim","status":"publish","type":"post","link":"https:\/\/fetems.org.br\/fetems\/fetems-participa-da-negociacao-salarial-do-municipio-de-jardim\/","title":{"rendered":"FETEMS participa da negocia\u00e7\u00e3o salarial do munic\u00edpio de Jardim"},"content":{"rendered":"\n<p>O Presidente da Federa\u00e7\u00e3o dos Trabalhadores em Educa\u00e7\u00e3o de Mato Grosso do Sul, Professor Jaime Teixeira e a Vice-Presidenta, Professora Deumeires Morais acompanhados pela Presidenta do SIMTED de Jardim, Ana Maria Rodrigues de Morais, da Vice-Presidenta Regional, Odete Mendoza e da comiss\u00e3o de negocia\u00e7\u00e3o se reuniram na manh\u00e3 desta quarta-feira, 29 de janeiro, com o Prefeito Juliano da Cunha Miranda, para negociar sobre o aumento aos professores do munic\u00edpio.<\/p>\n\n\n\n<p>No encontro ficou definido que o Prefeito Juliano da Cunha vai aplicar o reajuste de 6,27% do reajuste do piso, esta que \u00e9 uma luta da categoria e vem sendo levada para os munic\u00edpios pela dire\u00e7\u00e3o da FETEMS.<\/p>\n\n\n\n<p>Outro ponto importante que ficou acordado na reuni\u00e3o, \u00e9 que ser\u00e3o realizadas elei\u00e7\u00f5es para diretores(as) e diretores(as)-adjuntos no m\u00eas de outubro, com a posse para o in\u00edcio de 2026, al\u00e9m disse, ser\u00e1 criada uma comiss\u00e3o que vai elaborar uma minuta para apresentar para a administra\u00e7\u00e3o municipal, onde deve conter a reformula\u00e7\u00e3o do estatuto e definir uma pol\u00edtica salarial para os quatro anos da atual administra\u00e7\u00e3o municipal, onde contenha a valoriza\u00e7\u00e3o dos(as) profissionais da educa\u00e7\u00e3o do munic\u00edpio de Jardim.<\/p>\n\n\n\n<p>A Vice-Presidenta da FETEMS, Professora Deumeires Morais definiu o desfecho da reuni\u00e3o como muito produtiva e a garantia de que os direitos dos(as) educadores(as) da cidade de Jardim ser\u00e3o respeitados pela atual administra\u00e7\u00e3o.<\/p>\n\n\n\n<p>O Presidente da FEETMS, Professor Jaime Teixeira, destacou que a negocia\u00e7\u00e3o foi muito positiva, logo que, o objetivo foi alcan\u00e7ado, que \u00e9 a valoriza\u00e7\u00e3o dos direitos dos(as) professores(as) dos munic\u00edpios de Mato Grosso do Sul. \u201cConquistamos um avan\u00e7o muito importante aqui na cidade de Jardim com o Prefeito Juliano da Cunha, onde ficou definido que al\u00e9m do reajuste do piso, ser\u00e3o realizadas as elei\u00e7\u00f5es e a formula\u00e7\u00e3o de uma minuta das a\u00e7\u00f5es do munic\u00edpio para os(as) professores(as)\u201d, finalizou.<\/p>\n\n\n\n<figure class=\"wp-block-image size-large\"><img loading=\"lazy\" decoding=\"async\" width=\"1024\" height=\"576\" src=\"https:\/\/fetems.org.br\/fetems\/wp-content\/uploads\/2025\/01\/Reuniao-Jardim-02-1024x576.jpg\" alt=\"\" class=\"wp-image-20997\" srcset=\"https:\/\/fetems.org.br\/fetems\/wp-content\/uploads\/2025\/01\/Reuniao-Jardim-02-1024x576.jpg 1024w, https:\/\/fetems.org.br\/fetems\/wp-content\/uploads\/2025\/01\/Reuniao-Jardim-02-300x169.jpg 300w, https:\/\/fetems.org.br\/fetems\/wp-content\/uploads\/2025\/01\/Reuniao-Jardim-02-768x432.jpg 768w, https:\/\/fetems.org.br\/fetems\/wp-content\/uploads\/2025\/01\/Reuniao-Jardim-02.jpg 1280w\" sizes=\"(max-width: 1024px) 100vw, 1024px\" \/><\/figure>\n","protected":false},"excerpt":{"rendered":"<p>O Presidente da Federa\u00e7\u00e3o dos Trabalhadores em Educa\u00e7\u00e3o de Mato Grosso do Sul, Professor Jaime Teixeira e a Vice-Presidenta, Professora Deumeires Morais acompanhados pela Presidenta&#8230;<\/p>\n","protected":false},"author":12,"featured_media":20996,"comment_status":"open","ping_status":"open","sticky":false,"template":"","format":"standard","meta":{"footnotes":""},"categories":[124,61,1,26,18],"tags":[],"_links":{"self":[{"href":"https:\/\/fetems.org.br\/fetems\/wp-json\/wp\/v2\/posts\/20995"}],"collection":[{"href":"https:\/\/fetems.org.br\/fetems\/wp-json\/wp\/v2\/posts"}],"about":[{"href":"https:\/\/fetems.org.br\/fetems\/wp-json\/wp\/v2\/types\/post"}],"author":[{"embeddable":true,"href":"https:\/\/fetems.org.br\/fetems\/wp-json\/wp\/v2\/users\/12"}],"replies":[{"embeddable":true,"href":"https:\/\/fetems.org.br\/fetems\/wp-json\/wp\/v2\/comments?post=20995"}],"version-history":[{"count":3,"href":"https:\/\/fetems.org.br\/fetems\/wp-json\/wp\/v2\/posts\/20995\/revisions"}],"predecessor-version":[{"id":21000,"href":"https:\/\/fetems.org.br\/fetems\/wp-json\/wp\/v2\/posts\/20995\/revisions\/21000"}],"wp:featuredmedia":[{"embeddable":true,"href":"https:\/\/fetems.org.br\/fetems\/wp-json\/wp\/v2\/media\/20996"}],"wp:attachment":[{"href":"https:\/\/fetems.org.br\/fetems\/wp-json\/wp\/v2\/media?parent=20995"}],"wp:term":[{"taxonomy":"category","embeddable":true,"href":"https:\/\/fetems.org.br\/fetems\/wp-json\/wp\/v2\/categories?post=20995"},{"taxonomy":"post_tag","embeddable":true,"href":"https:\/\/fetems.org.br\/fetems\/wp-json\/wp\/v2\/tags?post=20995"}],"curies":[{"name":"wp","href":"https:\/\/api.w.org\/{rel}","templated":true}]}}