{"id":22836,"date":"2026-04-27T10:13:16","date_gmt":"2026-04-27T13:13:16","guid":{"rendered":"https:\/\/fetems.org.br\/fetems\/?p=22836"},"modified":"2026-04-27T10:13:18","modified_gmt":"2026-04-27T13:13:18","slug":"campanha-abril-verde-2026-reforca-cuidado-com-a-saude-dos-profissionais-da-educacao-em-coxim","status":"publish","type":"post","link":"https:\/\/fetems.org.br\/fetems\/campanha-abril-verde-2026-reforca-cuidado-com-a-saude-dos-profissionais-da-educacao-em-coxim\/","title":{"rendered":"Campanha Abril Verde 2026 refor\u00e7a cuidado com a sa\u00fade dos profissionais da educa\u00e7\u00e3o em Coxim"},"content":{"rendered":"\n<p>Os SIMTED\u2019s da regi\u00e3o norte, em parceria com a Vigil\u00e2ncia Sanit\u00e1ria de Coxim e a FETEMS, realizaram, na sexta-feira (25), no SIMTED Coxim, a Campanha Abril Verde 2026, reafirmando o compromisso com a sa\u00fade e a qualidade de vida dos profissionais da educa\u00e7\u00e3o.<\/p>\n\n\n\n<p>A iniciativa integra o movimento nacional de preven\u00e7\u00e3o de acidentes e doen\u00e7as relacionadas ao trabalho, trazendo para o centro do debate a realidade vivida diariamente por professores e administrativos da rede p\u00fablica.<\/p>\n\n\n\n<p>Como parte da programa\u00e7\u00e3o, foi realizada a palestra \u201cA Voz da Educa\u00e7\u00e3o: Preven\u00e7\u00e3o sobre os Dist\u00farbios da Voz junto aos Profissionais da Educa\u00e7\u00e3o\u201d, abordando um dos principais instrumentos de trabalho da categoria: a voz. A atividade teve como objetivo orientar, conscientizar e oferecer estrat\u00e9gias de cuidado, prevenindo problemas vocais que impactam diretamente a sa\u00fade e o desempenho profissional dos educadores.<\/p>\n\n\n\n<figure class=\"wp-block-image size-large\"><img loading=\"lazy\" decoding=\"async\" width=\"1024\" height=\"768\" src=\"https:\/\/fetems.org.br\/fetems\/wp-content\/uploads\/2026\/04\/WhatsApp-Image-2026-04-24-at-16.55.56-1024x768.jpeg\" alt=\"\" class=\"wp-image-22838\" srcset=\"https:\/\/fetems.org.br\/fetems\/wp-content\/uploads\/2026\/04\/WhatsApp-Image-2026-04-24-at-16.55.56-1024x768.jpeg 1024w, https:\/\/fetems.org.br\/fetems\/wp-content\/uploads\/2026\/04\/WhatsApp-Image-2026-04-24-at-16.55.56-300x225.jpeg 300w, https:\/\/fetems.org.br\/fetems\/wp-content\/uploads\/2026\/04\/WhatsApp-Image-2026-04-24-at-16.55.56-768x576.jpeg 768w, https:\/\/fetems.org.br\/fetems\/wp-content\/uploads\/2026\/04\/WhatsApp-Image-2026-04-24-at-16.55.56.jpeg 1280w\" sizes=\"(max-width: 1024px) 100vw, 1024px\" \/><\/figure>\n\n\n\n<p>A Presidenta do SIMTED Coxim, Mara N\u00fabia, destacou a import\u00e2ncia da a\u00e7\u00e3o. \u201cCuidar da sa\u00fade dos trabalhadores e trabalhadoras em educa\u00e7\u00e3o \u00e9 uma responsabilidade permanente do sindicato. A voz \u00e9 um instrumento essencial para a nossa categoria, e a\u00e7\u00f5es como essa s\u00e3o fundamentais para prevenir doen\u00e7as e garantir melhores condi\u00e7\u00f5es de trabalho\u201d, afirmou.<\/p>\n\n\n\n<p>A Vice-Presidenta Regional da FETEMS e Presidenta do SIMTED S\u00e3o Gabriel do Oeste, Dani Curti, tamb\u00e9m refor\u00e7ou o papel das entidades na promo\u00e7\u00e3o da sa\u00fade. \u201cA luta sindical vai al\u00e9m das pautas salariais. Quando falamos em valoriza\u00e7\u00e3o, estamos falando tamb\u00e9m de sa\u00fade, de qualidade de vida e de condi\u00e7\u00f5es dignas de trabalho. O Abril Verde \u00e9 um momento importante para fortalecer essa consci\u00eancia coletiva\u201d, ressaltou.<\/p>\n\n\n\n<p>Os SIMTED\u2019s, em conjunto com a FETEMS, refor\u00e7am que sua atua\u00e7\u00e3o vai al\u00e9m da luta por uma educa\u00e7\u00e3o p\u00fablica de qualidade, pela valoriza\u00e7\u00e3o profissional e por condi\u00e7\u00f5es dignas de trabalho. As entidades tamb\u00e9m desenvolvem a\u00e7\u00f5es concretas voltadas \u00e0 promo\u00e7\u00e3o da sa\u00fade do trabalhador, com foco na preven\u00e7\u00e3o de acidentes e doen\u00e7as adquiridas no ambiente de trabalho.<\/p>\n\n\n\n<p>A Campanha Abril Verde se consolida, assim, como um importante espa\u00e7o de reflex\u00e3o, forma\u00e7\u00e3o e mobiliza\u00e7\u00e3o, reafirmando o compromisso com a vida, o bem-estar e a valoriza\u00e7\u00e3o de todos os trabalhadores e trabalhadoras em educa\u00e7\u00e3o.<\/p>\n\n\n\n<p><strong>Comunica\u00e7\u00e3o FETEMS e SIMTED<\/strong><\/p>\n\n\n\n<figure class=\"wp-block-gallery has-nested-images columns-default is-cropped wp-block-gallery-1 is-layout-flex wp-block-gallery-is-layout-flex\">\n<figure class=\"wp-block-image size-large\"><img loading=\"lazy\" decoding=\"async\" width=\"1024\" height=\"1016\" data-id=\"22843\" src=\"https:\/\/fetems.org.br\/fetems\/wp-content\/uploads\/2026\/04\/WhatsApp-Image-2026-04-24-at-16.52.36-1024x1016.jpeg\" alt=\"\" class=\"wp-image-22843\" srcset=\"https:\/\/fetems.org.br\/fetems\/wp-content\/uploads\/2026\/04\/WhatsApp-Image-2026-04-24-at-16.52.36-1024x1016.jpeg 1024w, https:\/\/fetems.org.br\/fetems\/wp-content\/uploads\/2026\/04\/WhatsApp-Image-2026-04-24-at-16.52.36-300x298.jpeg 300w, https:\/\/fetems.org.br\/fetems\/wp-content\/uploads\/2026\/04\/WhatsApp-Image-2026-04-24-at-16.52.36-150x150.jpeg 150w, https:\/\/fetems.org.br\/fetems\/wp-content\/uploads\/2026\/04\/WhatsApp-Image-2026-04-24-at-16.52.36-768x762.jpeg 768w, https:\/\/fetems.org.br\/fetems\/wp-content\/uploads\/2026\/04\/WhatsApp-Image-2026-04-24-at-16.52.36.jpeg 1280w\" sizes=\"(max-width: 1024px) 100vw, 1024px\" \/><\/figure>\n\n\n\n<figure class=\"wp-block-image size-large\"><img loading=\"lazy\" decoding=\"async\" width=\"1024\" height=\"768\" data-id=\"22841\" src=\"https:\/\/fetems.org.br\/fetems\/wp-content\/uploads\/2026\/04\/WhatsApp-Image-2026-04-24-at-16.54.29-1024x768.jpeg\" alt=\"\" class=\"wp-image-22841\" srcset=\"https:\/\/fetems.org.br\/fetems\/wp-content\/uploads\/2026\/04\/WhatsApp-Image-2026-04-24-at-16.54.29-1024x768.jpeg 1024w, https:\/\/fetems.org.br\/fetems\/wp-content\/uploads\/2026\/04\/WhatsApp-Image-2026-04-24-at-16.54.29-300x225.jpeg 300w, https:\/\/fetems.org.br\/fetems\/wp-content\/uploads\/2026\/04\/WhatsApp-Image-2026-04-24-at-16.54.29-768x576.jpeg 768w, https:\/\/fetems.org.br\/fetems\/wp-content\/uploads\/2026\/04\/WhatsApp-Image-2026-04-24-at-16.54.29.jpeg 1280w\" sizes=\"(max-width: 1024px) 100vw, 1024px\" \/><\/figure>\n\n\n\n<figure class=\"wp-block-image size-large\"><img loading=\"lazy\" decoding=\"async\" width=\"768\" height=\"1024\" data-id=\"22845\" src=\"https:\/\/fetems.org.br\/fetems\/wp-content\/uploads\/2026\/04\/WhatsApp-Image-2026-04-24-at-16.55.06-768x1024.jpeg\" alt=\"\" class=\"wp-image-22845\" srcset=\"https:\/\/fetems.org.br\/fetems\/wp-content\/uploads\/2026\/04\/WhatsApp-Image-2026-04-24-at-16.55.06-768x1024.jpeg 768w, https:\/\/fetems.org.br\/fetems\/wp-content\/uploads\/2026\/04\/WhatsApp-Image-2026-04-24-at-16.55.06-225x300.jpeg 225w, https:\/\/fetems.org.br\/fetems\/wp-content\/uploads\/2026\/04\/WhatsApp-Image-2026-04-24-at-16.55.06.jpeg 960w\" sizes=\"(max-width: 768px) 100vw, 768px\" \/><\/figure>\n\n\n\n<figure class=\"wp-block-image size-large\"><img loading=\"lazy\" decoding=\"async\" width=\"1024\" height=\"768\" data-id=\"22842\" src=\"https:\/\/fetems.org.br\/fetems\/wp-content\/uploads\/2026\/04\/WhatsApp-Image-2026-04-24-at-16.55.56-1-1024x768.jpeg\" alt=\"\" class=\"wp-image-22842\" srcset=\"https:\/\/fetems.org.br\/fetems\/wp-content\/uploads\/2026\/04\/WhatsApp-Image-2026-04-24-at-16.55.56-1-1024x768.jpeg 1024w, https:\/\/fetems.org.br\/fetems\/wp-content\/uploads\/2026\/04\/WhatsApp-Image-2026-04-24-at-16.55.56-1-300x225.jpeg 300w, https:\/\/fetems.org.br\/fetems\/wp-content\/uploads\/2026\/04\/WhatsApp-Image-2026-04-24-at-16.55.56-1-768x576.jpeg 768w, https:\/\/fetems.org.br\/fetems\/wp-content\/uploads\/2026\/04\/WhatsApp-Image-2026-04-24-at-16.55.56-1.jpeg 1280w\" sizes=\"(max-width: 1024px) 100vw, 1024px\" \/><\/figure>\n\n\n\n<figure class=\"wp-block-image size-large\"><img loading=\"lazy\" decoding=\"async\" width=\"768\" height=\"1024\" data-id=\"22840\" src=\"https:\/\/fetems.org.br\/fetems\/wp-content\/uploads\/2026\/04\/WhatsApp-Image-2026-04-24-at-16.59.51-768x1024.jpeg\" alt=\"\" class=\"wp-image-22840\" srcset=\"https:\/\/fetems.org.br\/fetems\/wp-content\/uploads\/2026\/04\/WhatsApp-Image-2026-04-24-at-16.59.51-768x1024.jpeg 768w, https:\/\/fetems.org.br\/fetems\/wp-content\/uploads\/2026\/04\/WhatsApp-Image-2026-04-24-at-16.59.51-225x300.jpeg 225w, https:\/\/fetems.org.br\/fetems\/wp-content\/uploads\/2026\/04\/WhatsApp-Image-2026-04-24-at-16.59.51.jpeg 960w\" sizes=\"(max-width: 768px) 100vw, 768px\" \/><\/figure>\n\n\n\n<figure class=\"wp-block-image size-large\"><img loading=\"lazy\" decoding=\"async\" width=\"768\" height=\"1024\" data-id=\"22839\" src=\"https:\/\/fetems.org.br\/fetems\/wp-content\/uploads\/2026\/04\/WhatsApp-Image-2026-04-24-at-16.59.52-768x1024.jpeg\" alt=\"\" class=\"wp-image-22839\" srcset=\"https:\/\/fetems.org.br\/fetems\/wp-content\/uploads\/2026\/04\/WhatsApp-Image-2026-04-24-at-16.59.52-768x1024.jpeg 768w, https:\/\/fetems.org.br\/fetems\/wp-content\/uploads\/2026\/04\/WhatsApp-Image-2026-04-24-at-16.59.52-225x300.jpeg 225w, https:\/\/fetems.org.br\/fetems\/wp-content\/uploads\/2026\/04\/WhatsApp-Image-2026-04-24-at-16.59.52.jpeg 960w\" sizes=\"(max-width: 768px) 100vw, 768px\" \/><\/figure>\n\n\n\n<figure class=\"wp-block-image size-large\"><img loading=\"lazy\" decoding=\"async\" width=\"1024\" height=\"649\" data-id=\"22844\" src=\"https:\/\/fetems.org.br\/fetems\/wp-content\/uploads\/2026\/04\/WhatsApp-Image-2026-04-24-at-18.50.06-1-1024x649.jpeg\" alt=\"\" class=\"wp-image-22844\" srcset=\"https:\/\/fetems.org.br\/fetems\/wp-content\/uploads\/2026\/04\/WhatsApp-Image-2026-04-24-at-18.50.06-1-1024x649.jpeg 1024w, https:\/\/fetems.org.br\/fetems\/wp-content\/uploads\/2026\/04\/WhatsApp-Image-2026-04-24-at-18.50.06-1-300x190.jpeg 300w, https:\/\/fetems.org.br\/fetems\/wp-content\/uploads\/2026\/04\/WhatsApp-Image-2026-04-24-at-18.50.06-1-768x487.jpeg 768w, https:\/\/fetems.org.br\/fetems\/wp-content\/uploads\/2026\/04\/WhatsApp-Image-2026-04-24-at-18.50.06-1-1536x973.jpeg 1536w, https:\/\/fetems.org.br\/fetems\/wp-content\/uploads\/2026\/04\/WhatsApp-Image-2026-04-24-at-18.50.06-1.jpeg 1600w\" sizes=\"(max-width: 1024px) 100vw, 1024px\" \/><\/figure>\n<\/figure>\n","protected":false},"excerpt":{"rendered":"<p>Os SIMTED\u2019s da regi\u00e3o norte, em parceria com a Vigil\u00e2ncia Sanit\u00e1ria de Coxim e a FETEMS, realizaram, na sexta-feira (25), no SIMTED Coxim, a Campanha&#8230;<\/p>\n","protected":false},"author":14,"featured_media":22837,"comment_status":"open","ping_status":"open","sticky":false,"template":"","format":"standard","meta":{"footnotes":""},"categories":[28,23,124,1,26,35,18],"tags":[108,109,139,140],"_links":{"self":[{"href":"https:\/\/fetems.org.br\/fetems\/wp-json\/wp\/v2\/posts\/22836"}],"collection":[{"href":"https:\/\/fetems.org.br\/fetems\/wp-json\/wp\/v2\/posts"}],"about":[{"href":"https:\/\/fetems.org.br\/fetems\/wp-json\/wp\/v2\/types\/post"}],"author":[{"embeddable":true,"href":"https:\/\/fetems.org.br\/fetems\/wp-json\/wp\/v2\/users\/14"}],"replies":[{"embeddable":true,"href":"https:\/\/fetems.org.br\/fetems\/wp-json\/wp\/v2\/comments?post=22836"}],"version-history":[{"count":1,"href":"https:\/\/fetems.org.br\/fetems\/wp-json\/wp\/v2\/posts\/22836\/revisions"}],"predecessor-version":[{"id":22846,"href":"https:\/\/fetems.org.br\/fetems\/wp-json\/wp\/v2\/posts\/22836\/revisions\/22846"}],"wp:featuredmedia":[{"embeddable":true,"href":"https:\/\/fetems.org.br\/fetems\/wp-json\/wp\/v2\/media\/22837"}],"wp:attachment":[{"href":"https:\/\/fetems.org.br\/fetems\/wp-json\/wp\/v2\/media?parent=22836"}],"wp:term":[{"taxonomy":"category","embeddable":true,"href":"https:\/\/fetems.org.br\/fetems\/wp-json\/wp\/v2\/categories?post=22836"},{"taxonomy":"post_tag","embeddable":true,"href":"https:\/\/fetems.org.br\/fetems\/wp-json\/wp\/v2\/tags?post=22836"}],"curies":[{"name":"wp","href":"https:\/\/api.w.org\/{rel}","templated":true}]}}