{"id":22847,"date":"2026-04-27T10:45:54","date_gmt":"2026-04-27T13:45:54","guid":{"rendered":"https:\/\/fetems.org.br\/fetems\/?p=22847"},"modified":"2026-04-27T10:45:55","modified_gmt":"2026-04-27T13:45:55","slug":"fetems-participa-de-plenaria-do-forum-municipal-de-educacao-de-campo-grande","status":"publish","type":"post","link":"https:\/\/fetems.org.br\/fetems\/fetems-participa-de-plenaria-do-forum-municipal-de-educacao-de-campo-grande\/","title":{"rendered":"\u00a0FETEMS participa de plen\u00e1ria do F\u00f3rum Municipal de Educa\u00e7\u00e3o de Campo Grande"},"content":{"rendered":"\n<p>A FETEMS (Federa\u00e7\u00e3o dos Trabalhadores em Educa\u00e7\u00e3o de Mato Grosso do Sul) esteve representada na plen\u00e1ria do F\u00f3rum Municipal de Educa\u00e7\u00e3o de Campo Grande (FMECG), realizada na sexta-feira (24), por meio da Coordenadora do Departamento dos Trabalhadores na Educa\u00e7\u00e3o no Campo, Olinda Concei\u00e7\u00e3o da Silva.<\/p>\n\n\n\n<p>O encontro teve como pauta a prepara\u00e7\u00e3o do Plano Municipal de Educa\u00e7\u00e3o, considerando as especificidades e a realidade local, al\u00e9m da forma\u00e7\u00e3o das comiss\u00f5es que atuar\u00e3o no per\u00edodo de 2026 a 2027, com destaque para os grupos de monitoramento, sistematiza\u00e7\u00e3o, mobiliza\u00e7\u00e3o e divulga\u00e7\u00e3o.<\/p>\n\n\n\n<figure class=\"wp-block-image size-large\"><img loading=\"lazy\" decoding=\"async\" width=\"769\" height=\"1024\" src=\"https:\/\/fetems.org.br\/fetems\/wp-content\/uploads\/2026\/04\/WhatsApp-Image-2026-04-27-at-09.23.32-769x1024.jpeg\" alt=\"\" class=\"wp-image-22849\" srcset=\"https:\/\/fetems.org.br\/fetems\/wp-content\/uploads\/2026\/04\/WhatsApp-Image-2026-04-27-at-09.23.32-769x1024.jpeg 769w, https:\/\/fetems.org.br\/fetems\/wp-content\/uploads\/2026\/04\/WhatsApp-Image-2026-04-27-at-09.23.32-225x300.jpeg 225w, https:\/\/fetems.org.br\/fetems\/wp-content\/uploads\/2026\/04\/WhatsApp-Image-2026-04-27-at-09.23.32-768x1023.jpeg 768w, https:\/\/fetems.org.br\/fetems\/wp-content\/uploads\/2026\/04\/WhatsApp-Image-2026-04-27-at-09.23.32-1153x1536.jpeg 1153w, https:\/\/fetems.org.br\/fetems\/wp-content\/uploads\/2026\/04\/WhatsApp-Image-2026-04-27-at-09.23.32.jpeg 1201w\" sizes=\"(max-width: 769px) 100vw, 769px\" \/><\/figure>\n\n\n\n<p>A participa\u00e7\u00e3o da FETEMS refor\u00e7a o compromisso da entidade com a constru\u00e7\u00e3o coletiva das pol\u00edticas educacionais, garantindo que a voz dos trabalhadores e trabalhadoras em educa\u00e7\u00e3o, especialmente aqueles do campo, esteja presente nos espa\u00e7os de debate e decis\u00e3o.<\/p>\n\n\n\n<p>Para a Federa\u00e7\u00e3o, \u00e9 fundamental que os planos educacionais sejam constru\u00eddos de forma democr\u00e1tica, com ampla participa\u00e7\u00e3o social, assegurando o direito \u00e0 educa\u00e7\u00e3o p\u00fablica de qualidade, com valoriza\u00e7\u00e3o profissional e respeito \u00e0s diversidades territoriais.<\/p>\n\n\n\n<p>A FETEMS segue firme na defesa da educa\u00e7\u00e3o p\u00fablica, democr\u00e1tica e inclusiva em Mato Grosso do Sul.<\/p>\n\n\n\n<p><strong>Comunica\u00e7\u00e3o FETEMS<\/strong><\/p>\n","protected":false},"excerpt":{"rendered":"<p>A FETEMS (Federa\u00e7\u00e3o dos Trabalhadores em Educa\u00e7\u00e3o de Mato Grosso do Sul) esteve representada na plen\u00e1ria do F\u00f3rum Municipal de Educa\u00e7\u00e3o de Campo Grande (FMECG),&#8230;<\/p>\n","protected":false},"author":14,"featured_media":22848,"comment_status":"open","ping_status":"open","sticky":false,"template":"","format":"standard","meta":{"footnotes":""},"categories":[23,124,1,26,18],"tags":[108,109,139,137,140],"_links":{"self":[{"href":"https:\/\/fetems.org.br\/fetems\/wp-json\/wp\/v2\/posts\/22847"}],"collection":[{"href":"https:\/\/fetems.org.br\/fetems\/wp-json\/wp\/v2\/posts"}],"about":[{"href":"https:\/\/fetems.org.br\/fetems\/wp-json\/wp\/v2\/types\/post"}],"author":[{"embeddable":true,"href":"https:\/\/fetems.org.br\/fetems\/wp-json\/wp\/v2\/users\/14"}],"replies":[{"embeddable":true,"href":"https:\/\/fetems.org.br\/fetems\/wp-json\/wp\/v2\/comments?post=22847"}],"version-history":[{"count":1,"href":"https:\/\/fetems.org.br\/fetems\/wp-json\/wp\/v2\/posts\/22847\/revisions"}],"predecessor-version":[{"id":22850,"href":"https:\/\/fetems.org.br\/fetems\/wp-json\/wp\/v2\/posts\/22847\/revisions\/22850"}],"wp:featuredmedia":[{"embeddable":true,"href":"https:\/\/fetems.org.br\/fetems\/wp-json\/wp\/v2\/media\/22848"}],"wp:attachment":[{"href":"https:\/\/fetems.org.br\/fetems\/wp-json\/wp\/v2\/media?parent=22847"}],"wp:term":[{"taxonomy":"category","embeddable":true,"href":"https:\/\/fetems.org.br\/fetems\/wp-json\/wp\/v2\/categories?post=22847"},{"taxonomy":"post_tag","embeddable":true,"href":"https:\/\/fetems.org.br\/fetems\/wp-json\/wp\/v2\/tags?post=22847"}],"curies":[{"name":"wp","href":"https:\/\/api.w.org\/{rel}","templated":true}]}}