{"id":22892,"date":"2026-04-28T12:17:14","date_gmt":"2026-04-28T15:17:14","guid":{"rendered":"https:\/\/fetems.org.br\/fetems\/?p=22892"},"modified":"2026-04-28T12:17:15","modified_gmt":"2026-04-28T15:17:15","slug":"fetems-realiza-conselho-de-presidentes-e-reforca-mobilizacao-para-o-1o-de-maio","status":"publish","type":"post","link":"https:\/\/fetems.org.br\/fetems\/fetems-realiza-conselho-de-presidentes-e-reforca-mobilizacao-para-o-1o-de-maio\/","title":{"rendered":"FETEMS realiza Conselho de Presidentes e refor\u00e7a mobiliza\u00e7\u00e3o para o 1\u00ba de Maio"},"content":{"rendered":"\n<p>A FETEMS (Federa\u00e7\u00e3o dos Trabalhadores em Educa\u00e7\u00e3o de Mato Grosso do Sul) realizou, nesta segunda-feira (27), o Conselho de Presidentes, reunindo lideran\u00e7as sindicais de todo o estado para debater e organizar as pr\u00f3ximas a\u00e7\u00f5es da luta em defesa dos direitos da categoria.<\/p>\n\n\n\n<p>A reuni\u00e3o teve como pauta central a organiza\u00e7\u00e3o da mobiliza\u00e7\u00e3o do 1\u00ba de Maio, data hist\u00f3rica da classe trabalhadora, que neste ano ganha ainda mais relev\u00e2ncia diante das discuss\u00f5es nacionais sobre a melhoria das condi\u00e7\u00f5es de trabalho e valoriza\u00e7\u00e3o profissional.<\/p>\n\n\n\n<p>Entre os principais pontos debatidos, est\u00e3o o fim da escala 6&#215;1, proposta que visa reduzir a jornada semanal e ampliar o tempo de descanso, contribuindo para a sa\u00fade, qualidade de vida e produtividade dos trabalhadores. Tamb\u00e9m foi destacada a import\u00e2ncia da preven\u00e7\u00e3o de acidentes e doen\u00e7as relacionadas ao trabalho, pauta que dialoga diretamente com pol\u00edticas p\u00fablicas de promo\u00e7\u00e3o da sa\u00fade e seguran\u00e7a no ambiente laboral.<\/p>\n\n\n\n<figure class=\"wp-block-gallery has-nested-images columns-default is-cropped wp-block-gallery-1 is-layout-flex wp-block-gallery-is-layout-flex\">\n<figure class=\"wp-block-image size-large\"><img loading=\"lazy\" decoding=\"async\" width=\"975\" height=\"434\" data-id=\"22895\" src=\"https:\/\/fetems.org.br\/fetems\/wp-content\/uploads\/2026\/04\/WhatsApp-Image-2026-04-27-at-13.15.07-2.jpeg\" alt=\"\" class=\"wp-image-22895\" srcset=\"https:\/\/fetems.org.br\/fetems\/wp-content\/uploads\/2026\/04\/WhatsApp-Image-2026-04-27-at-13.15.07-2.jpeg 975w, https:\/\/fetems.org.br\/fetems\/wp-content\/uploads\/2026\/04\/WhatsApp-Image-2026-04-27-at-13.15.07-2-300x134.jpeg 300w, https:\/\/fetems.org.br\/fetems\/wp-content\/uploads\/2026\/04\/WhatsApp-Image-2026-04-27-at-13.15.07-2-768x342.jpeg 768w\" sizes=\"(max-width: 975px) 100vw, 975px\" \/><\/figure>\n\n\n\n<figure class=\"wp-block-image size-large\"><img loading=\"lazy\" decoding=\"async\" width=\"747\" height=\"428\" data-id=\"22896\" src=\"https:\/\/fetems.org.br\/fetems\/wp-content\/uploads\/2026\/04\/WhatsApp-Image-2026-04-27-at-13.15.07-3.jpeg\" alt=\"\" class=\"wp-image-22896\" srcset=\"https:\/\/fetems.org.br\/fetems\/wp-content\/uploads\/2026\/04\/WhatsApp-Image-2026-04-27-at-13.15.07-3.jpeg 747w, https:\/\/fetems.org.br\/fetems\/wp-content\/uploads\/2026\/04\/WhatsApp-Image-2026-04-27-at-13.15.07-3-300x172.jpeg 300w\" sizes=\"(max-width: 747px) 100vw, 747px\" \/><\/figure>\n\n\n\n<figure class=\"wp-block-image size-large\"><img loading=\"lazy\" decoding=\"async\" width=\"751\" height=\"421\" data-id=\"22894\" src=\"https:\/\/fetems.org.br\/fetems\/wp-content\/uploads\/2026\/04\/WhatsApp-Image-2026-04-27-at-13.15.07.jpeg\" alt=\"\" class=\"wp-image-22894\" srcset=\"https:\/\/fetems.org.br\/fetems\/wp-content\/uploads\/2026\/04\/WhatsApp-Image-2026-04-27-at-13.15.07.jpeg 751w, https:\/\/fetems.org.br\/fetems\/wp-content\/uploads\/2026\/04\/WhatsApp-Image-2026-04-27-at-13.15.07-300x168.jpeg 300w\" sizes=\"(max-width: 751px) 100vw, 751px\" \/><\/figure>\n\n\n\n<figure class=\"wp-block-image size-large\"><img loading=\"lazy\" decoding=\"async\" width=\"1024\" height=\"578\" data-id=\"22897\" src=\"https:\/\/fetems.org.br\/fetems\/wp-content\/uploads\/2026\/04\/WhatsApp-Image-2026-04-27-at-13.15.51-1024x578.jpeg\" alt=\"\" class=\"wp-image-22897\" srcset=\"https:\/\/fetems.org.br\/fetems\/wp-content\/uploads\/2026\/04\/WhatsApp-Image-2026-04-27-at-13.15.51-1024x578.jpeg 1024w, https:\/\/fetems.org.br\/fetems\/wp-content\/uploads\/2026\/04\/WhatsApp-Image-2026-04-27-at-13.15.51-300x169.jpeg 300w, https:\/\/fetems.org.br\/fetems\/wp-content\/uploads\/2026\/04\/WhatsApp-Image-2026-04-27-at-13.15.51-768x434.jpeg 768w, https:\/\/fetems.org.br\/fetems\/wp-content\/uploads\/2026\/04\/WhatsApp-Image-2026-04-27-at-13.15.51.jpeg 1360w\" sizes=\"(max-width: 1024px) 100vw, 1024px\" \/><\/figure>\n<\/figure>\n\n\n\n<p>Outro eixo fundamental \u00e9 a defesa da igualdade salarial entre homens e mulheres, medida que busca corrigir distor\u00e7\u00f5es hist\u00f3ricas no mercado de trabalho, al\u00e9m do combate ao feminic\u00eddio, refor\u00e7ando a necessidade de pol\u00edticas integradas de prote\u00e7\u00e3o \u00e0s mulheres.<\/p>\n\n\n\n<p>A pauta tamb\u00e9m inclui o fim do confisco de 14% dos aposentados, reivindica\u00e7\u00e3o que visa garantir justi\u00e7a previdenci\u00e1ria, e a realiza\u00e7\u00e3o de concursos p\u00fablicos, essenciais para fortalecer o servi\u00e7o p\u00fablico e assegurar qualidade no atendimento \u00e0 popula\u00e7\u00e3o.<\/p>\n\n\n\n<p>A FETEMS reafirma que a organiza\u00e7\u00e3o coletiva e a participa\u00e7\u00e3o ativa dos trabalhadores e trabalhadoras s\u00e3o fundamentais para avan\u00e7ar nas conquistas e garantir uma sociedade mais justa, com direitos assegurados e valoriza\u00e7\u00e3o da classe trabalhadora.<\/p>\n\n\n\n<p>A luta segue forte e unificada em todo o Mato Grosso do Sul.<\/p>\n\n\n\n<p><strong>Comunica\u00e7\u00e3o FETEMS<\/strong><\/p>\n","protected":false},"excerpt":{"rendered":"<p>A FETEMS (Federa\u00e7\u00e3o dos Trabalhadores em Educa\u00e7\u00e3o de Mato Grosso do Sul) realizou, nesta segunda-feira (27), o Conselho de Presidentes, reunindo lideran\u00e7as sindicais de todo&#8230;<\/p>\n","protected":false},"author":14,"featured_media":22893,"comment_status":"open","ping_status":"open","sticky":false,"template":"","format":"standard","meta":{"footnotes":""},"categories":[23,124,1,26,18],"tags":[],"_links":{"self":[{"href":"https:\/\/fetems.org.br\/fetems\/wp-json\/wp\/v2\/posts\/22892"}],"collection":[{"href":"https:\/\/fetems.org.br\/fetems\/wp-json\/wp\/v2\/posts"}],"about":[{"href":"https:\/\/fetems.org.br\/fetems\/wp-json\/wp\/v2\/types\/post"}],"author":[{"embeddable":true,"href":"https:\/\/fetems.org.br\/fetems\/wp-json\/wp\/v2\/users\/14"}],"replies":[{"embeddable":true,"href":"https:\/\/fetems.org.br\/fetems\/wp-json\/wp\/v2\/comments?post=22892"}],"version-history":[{"count":1,"href":"https:\/\/fetems.org.br\/fetems\/wp-json\/wp\/v2\/posts\/22892\/revisions"}],"predecessor-version":[{"id":22898,"href":"https:\/\/fetems.org.br\/fetems\/wp-json\/wp\/v2\/posts\/22892\/revisions\/22898"}],"wp:featuredmedia":[{"embeddable":true,"href":"https:\/\/fetems.org.br\/fetems\/wp-json\/wp\/v2\/media\/22893"}],"wp:attachment":[{"href":"https:\/\/fetems.org.br\/fetems\/wp-json\/wp\/v2\/media?parent=22892"}],"wp:term":[{"taxonomy":"category","embeddable":true,"href":"https:\/\/fetems.org.br\/fetems\/wp-json\/wp\/v2\/categories?post=22892"},{"taxonomy":"post_tag","embeddable":true,"href":"https:\/\/fetems.org.br\/fetems\/wp-json\/wp\/v2\/tags?post=22892"}],"curies":[{"name":"wp","href":"https:\/\/api.w.org\/{rel}","templated":true}]}}