{"id":22899,"date":"2026-04-28T13:33:21","date_gmt":"2026-04-28T16:33:21","guid":{"rendered":"https:\/\/fetems.org.br\/fetems\/?p=22899"},"modified":"2026-04-28T13:33:23","modified_gmt":"2026-04-28T16:33:23","slug":"marcha-da-classe-trabalhadora-mobiliza-ms-em-defesa-de-direitos-e-contra-a-escala-6x1","status":"publish","type":"post","link":"https:\/\/fetems.org.br\/fetems\/marcha-da-classe-trabalhadora-mobiliza-ms-em-defesa-de-direitos-e-contra-a-escala-6x1\/","title":{"rendered":"Marcha da Classe Trabalhadora mobiliza MS em defesa de direitos e contra a Escala 6&#215;1"},"content":{"rendered":"\n<p>Campo Grande ser\u00e1 palco, na pr\u00f3xima quinta-feira (30), da Marcha da Classe Trabalhadora de Mato Grosso do Sul, um importante ato de mobiliza\u00e7\u00e3o que reunir\u00e1 diversas categorias em defesa de direitos hist\u00f3ricos e melhores condi\u00e7\u00f5es de trabalho. A concentra\u00e7\u00e3o est\u00e1 marcada para \u00e0s 14h, na Pra\u00e7a do R\u00e1dio Clube.<\/p>\n\n\n\n<p>A mobiliza\u00e7\u00e3o, organizada pela FETEMS (Federa\u00e7\u00e3o dos Trabalhadores em Educa\u00e7\u00e3o de Mato Grosso do Sul), CUT-MS (Central \u00danica dos Trabalhadores de MS), CNTE (Confedera\u00e7\u00e3o Nacional dos Trabalhadores em Educa\u00e7\u00e3o) e demais entidades e centrais sindicais, ocorre \u00e0s v\u00e9speras do 1\u00ba de Maio e refor\u00e7a a unidade da classe trabalhadora em torno de pautas urgentes, como o fim da escala 6&#215;1, a realiza\u00e7\u00e3o de concursos p\u00fablicos, o combate \u00e0 terceiriza\u00e7\u00e3o dos servi\u00e7os p\u00fablicos, o fim do confisco de 14% dos aposentados e o enfrentamento \u00e0 viol\u00eancia contra as mulheres.<\/p>\n\n\n\n<p>A Presidenta da FETEMS, Deumeires Morais, destacou a import\u00e2ncia da participa\u00e7\u00e3o dos trabalhadores e trabalhadoras em educa\u00e7\u00e3o e de toda a sociedade. \u201cEsse \u00e9 um momento de unidade e de mobiliza\u00e7\u00e3o. Precisamos ocupar as ruas para defender direitos, garantir valoriza\u00e7\u00e3o profissional e mostrar a for\u00e7a da classe trabalhadora. A educa\u00e7\u00e3o est\u00e1 diretamente ligada a essas pautas, porque n\u00e3o h\u00e1 qualidade sem condi\u00e7\u00f5es dignas de trabalho e sem investimento nas pessoas\u201d, afirmou.<\/p>\n\n\n\n<p>O presidente da CUT-MS, Vilson Gimenes, tamb\u00e9m refor\u00e7ou o chamado \u00e0 mobiliza\u00e7\u00e3o. \u201cA Marcha da Classe Trabalhadora \u00e9 um espa\u00e7o fundamental de luta e de constru\u00e7\u00e3o coletiva. \u00c9 nas ruas que mostramos nossa for\u00e7a e pressionamos por mudan\u00e7as que melhorem a vida do povo. Convidamos todos os trabalhadores e trabalhadoras a participarem desse grande ato em defesa dos direitos e da democracia\u201d, destacou.<\/p>\n\n\n\n<p>A expectativa \u00e9 de grande participa\u00e7\u00e3o popular, reunindo trabalhadores da cidade e do campo, servidores p\u00fablicos, educadores, movimentos sociais e juventude, em uma demonstra\u00e7\u00e3o de resist\u00eancia e compromisso com um pa\u00eds mais justo.<\/p>\n\n\n\n<p>A luta \u00e9 coletiva. Participe da marcha!<\/p>\n\n\n\n<p><strong>Comunica\u00e7\u00e3o FETEMS<br><\/strong><\/p>\n\n\n\n<p><\/p>\n","protected":false},"excerpt":{"rendered":"<p>Campo Grande ser\u00e1 palco, na pr\u00f3xima quinta-feira (30), da Marcha da Classe Trabalhadora de Mato Grosso do Sul, um importante ato de mobiliza\u00e7\u00e3o que reunir\u00e1&#8230;<\/p>\n","protected":false},"author":14,"featured_media":22900,"comment_status":"open","ping_status":"open","sticky":false,"template":"","format":"standard","meta":{"footnotes":""},"categories":[23,124,1,26,18],"tags":[108,143,109,139,137,140],"_links":{"self":[{"href":"https:\/\/fetems.org.br\/fetems\/wp-json\/wp\/v2\/posts\/22899"}],"collection":[{"href":"https:\/\/fetems.org.br\/fetems\/wp-json\/wp\/v2\/posts"}],"about":[{"href":"https:\/\/fetems.org.br\/fetems\/wp-json\/wp\/v2\/types\/post"}],"author":[{"embeddable":true,"href":"https:\/\/fetems.org.br\/fetems\/wp-json\/wp\/v2\/users\/14"}],"replies":[{"embeddable":true,"href":"https:\/\/fetems.org.br\/fetems\/wp-json\/wp\/v2\/comments?post=22899"}],"version-history":[{"count":1,"href":"https:\/\/fetems.org.br\/fetems\/wp-json\/wp\/v2\/posts\/22899\/revisions"}],"predecessor-version":[{"id":22901,"href":"https:\/\/fetems.org.br\/fetems\/wp-json\/wp\/v2\/posts\/22899\/revisions\/22901"}],"wp:featuredmedia":[{"embeddable":true,"href":"https:\/\/fetems.org.br\/fetems\/wp-json\/wp\/v2\/media\/22900"}],"wp:attachment":[{"href":"https:\/\/fetems.org.br\/fetems\/wp-json\/wp\/v2\/media?parent=22899"}],"wp:term":[{"taxonomy":"category","embeddable":true,"href":"https:\/\/fetems.org.br\/fetems\/wp-json\/wp\/v2\/categories?post=22899"},{"taxonomy":"post_tag","embeddable":true,"href":"https:\/\/fetems.org.br\/fetems\/wp-json\/wp\/v2\/tags?post=22899"}],"curies":[{"name":"wp","href":"https:\/\/api.w.org\/{rel}","templated":true}]}}