{"id":22911,"date":"2026-04-29T10:08:49","date_gmt":"2026-04-29T13:08:49","guid":{"rendered":"https:\/\/fetems.org.br\/fetems\/?p=22911"},"modified":"2026-04-29T10:08:50","modified_gmt":"2026-04-29T13:08:50","slug":"mobilizacao-em-coxim-pressiona-camara-e-adia-votacao-de-reajuste-abaixo-do-piso","status":"publish","type":"post","link":"https:\/\/fetems.org.br\/fetems\/mobilizacao-em-coxim-pressiona-camara-e-adia-votacao-de-reajuste-abaixo-do-piso\/","title":{"rendered":"Mobiliza\u00e7\u00e3o em Coxim pressiona C\u00e2mara e adia vota\u00e7\u00e3o de reajuste abaixo do piso"},"content":{"rendered":"\n<p>Na manh\u00e3 desta ter\u00e7a-feira (28), o SIMTED Coxim esteve presente na C\u00e2mara Municipal para manifestar insatisfa\u00e7\u00e3o diante da poss\u00edvel vota\u00e7\u00e3o, em regime de urg\u00eancia, do Projeto de Lei que prev\u00ea reajuste de apenas 2,89% para os trabalhadores e trabalhadoras em educa\u00e7\u00e3o do munic\u00edpio. O \u00edndice proposto est\u00e1 abaixo do percentual de 5,4% do piso nacional, o que, segundo a categoria, representa preju\u00edzo direto e rompe o processo de valoriza\u00e7\u00e3o profissional.<\/p>\n\n\n\n<p>A mobiliza\u00e7\u00e3o contou com a presen\u00e7a da Presidenta do SIMTED Coxim, Mara N\u00fabia, que refor\u00e7ou a necessidade de di\u00e1logo e respeito com os profissionais da educa\u00e7\u00e3o.<\/p>\n\n\n\n<figure class=\"wp-block-image size-large\"><img loading=\"lazy\" decoding=\"async\" width=\"1024\" height=\"576\" src=\"https:\/\/fetems.org.br\/fetems\/wp-content\/uploads\/2026\/04\/WhatsApp-Image-2026-04-28-at-12.11.06-1024x576.jpeg\" alt=\"\" class=\"wp-image-22913\" srcset=\"https:\/\/fetems.org.br\/fetems\/wp-content\/uploads\/2026\/04\/WhatsApp-Image-2026-04-28-at-12.11.06-1024x576.jpeg 1024w, https:\/\/fetems.org.br\/fetems\/wp-content\/uploads\/2026\/04\/WhatsApp-Image-2026-04-28-at-12.11.06-300x169.jpeg 300w, https:\/\/fetems.org.br\/fetems\/wp-content\/uploads\/2026\/04\/WhatsApp-Image-2026-04-28-at-12.11.06-768x432.jpeg 768w, https:\/\/fetems.org.br\/fetems\/wp-content\/uploads\/2026\/04\/WhatsApp-Image-2026-04-28-at-12.11.06.jpeg 1280w\" sizes=\"(max-width: 1024px) 100vw, 1024px\" \/><\/figure>\n\n\n\n<p>\u201cN\u00e3o estamos aqui apenas por um \u00edndice. Estamos defendendo a valoriza\u00e7\u00e3o da nossa categoria, que constr\u00f3i a educa\u00e7\u00e3o todos os dias. O piso nacional n\u00e3o \u00e9 um favor, \u00e9 um direito garantido. Qualquer medida abaixo disso representa retrocesso e desrespeito com os trabalhadores e trabalhadoras em educa\u00e7\u00e3o. Por isso, exigimos di\u00e1logo, responsabilidade e compromisso com a educa\u00e7\u00e3o p\u00fablica\u201d, afirmou Mara N\u00fabia.<\/p>\n\n\n\n<p>Diante da forte mobiliza\u00e7\u00e3o da categoria, durante a sess\u00e3o o Presidente da C\u00e2mara Municipal, Vereador Luiz Eduardo, anunciou que o projeto n\u00e3o seria votado em regime de urg\u00eancia, abrindo espa\u00e7o para maior debate.<\/p>\n\n\n\n<p>A decis\u00e3o foi recebida como um avan\u00e7o pela categoria, que segue mobilizada para garantir o cumprimento do piso nacional e a valoriza\u00e7\u00e3o dos profissionais da educa\u00e7\u00e3o no munic\u00edpio.<\/p>\n\n\n\n<p>A luta continua!<\/p>\n\n\n\n<p><strong>Comunica\u00e7\u00e3o FETEMS<\/strong><\/p>\n","protected":false},"excerpt":{"rendered":"<p>Na manh\u00e3 desta ter\u00e7a-feira (28), o SIMTED Coxim esteve presente na C\u00e2mara Municipal para manifestar insatisfa\u00e7\u00e3o diante da poss\u00edvel vota\u00e7\u00e3o, em regime de urg\u00eancia, do&#8230;<\/p>\n","protected":false},"author":14,"featured_media":22912,"comment_status":"open","ping_status":"open","sticky":false,"template":"","format":"standard","meta":{"footnotes":""},"categories":[28,23,124,1,26,18],"tags":[108,109,139,137,140],"_links":{"self":[{"href":"https:\/\/fetems.org.br\/fetems\/wp-json\/wp\/v2\/posts\/22911"}],"collection":[{"href":"https:\/\/fetems.org.br\/fetems\/wp-json\/wp\/v2\/posts"}],"about":[{"href":"https:\/\/fetems.org.br\/fetems\/wp-json\/wp\/v2\/types\/post"}],"author":[{"embeddable":true,"href":"https:\/\/fetems.org.br\/fetems\/wp-json\/wp\/v2\/users\/14"}],"replies":[{"embeddable":true,"href":"https:\/\/fetems.org.br\/fetems\/wp-json\/wp\/v2\/comments?post=22911"}],"version-history":[{"count":1,"href":"https:\/\/fetems.org.br\/fetems\/wp-json\/wp\/v2\/posts\/22911\/revisions"}],"predecessor-version":[{"id":22914,"href":"https:\/\/fetems.org.br\/fetems\/wp-json\/wp\/v2\/posts\/22911\/revisions\/22914"}],"wp:featuredmedia":[{"embeddable":true,"href":"https:\/\/fetems.org.br\/fetems\/wp-json\/wp\/v2\/media\/22912"}],"wp:attachment":[{"href":"https:\/\/fetems.org.br\/fetems\/wp-json\/wp\/v2\/media?parent=22911"}],"wp:term":[{"taxonomy":"category","embeddable":true,"href":"https:\/\/fetems.org.br\/fetems\/wp-json\/wp\/v2\/categories?post=22911"},{"taxonomy":"post_tag","embeddable":true,"href":"https:\/\/fetems.org.br\/fetems\/wp-json\/wp\/v2\/tags?post=22911"}],"curies":[{"name":"wp","href":"https:\/\/api.w.org\/{rel}","templated":true}]}}