{"id":22915,"date":"2026-04-29T11:48:29","date_gmt":"2026-04-29T14:48:29","guid":{"rendered":"https:\/\/fetems.org.br\/fetems\/?p=22915"},"modified":"2026-04-29T11:48:30","modified_gmt":"2026-04-29T14:48:30","slug":"simted-bataguassu-dialoga-com-prefeitura-e-apresenta-pautas-de-valorizacao-dos-profissionais-da-educacao","status":"publish","type":"post","link":"https:\/\/fetems.org.br\/fetems\/simted-bataguassu-dialoga-com-prefeitura-e-apresenta-pautas-de-valorizacao-dos-profissionais-da-educacao\/","title":{"rendered":"SIMTED Bataguassu dialoga com Prefeitura e apresenta pautas de valoriza\u00e7\u00e3o dos profissionais da educa\u00e7\u00e3o"},"content":{"rendered":"\n<p>Na manh\u00e3 desta ter\u00e7a-feira (28), o Presidente do SIMTED Bataguassu, Donizetti Soares, juntamente com as diretoras Maria Aparecida Meira e Silvana Bica, participou de uma reuni\u00e3o com a prefeita Wanderleia Caravina para tratar de pautas importantes da educa\u00e7\u00e3o no munic\u00edpio.<\/p>\n\n\n\n<p>Durante o encontro, o presidente do sindicato destacou a necessidade de constru\u00e7\u00e3o de parcerias entre a Prefeitura e o Governo do Estado para a implementa\u00e7\u00e3o do programa Profuncion\u00e1rio, voltado \u00e0 forma\u00e7\u00e3o dos profissionais de apoio da educa\u00e7\u00e3o das redes estadual e municipal. A proposta busca ampliar a qualifica\u00e7\u00e3o e garantir o reconhecimento desses trabalhadores, que desempenham papel fundamental no funcionamento das unidades escolares. A prefeita demonstrou interesse na iniciativa e afirmou que ir\u00e1 analisar a viabilidade da parceria junto ao Estado.<\/p>\n\n\n\n<p>Outro ponto debatido foi a valoriza\u00e7\u00e3o dos profissionais contratados com n\u00edvel superior. A diretora Silvana Bica ressaltou que essa \u00e9 uma reivindica\u00e7\u00e3o hist\u00f3rica da categoria e do sindicato, ainda n\u00e3o atendida. Segundo ela, o reconhecimento da forma\u00e7\u00e3o acad\u00eamica desses trabalhadores representa uma medida de justi\u00e7a e valoriza\u00e7\u00e3o, al\u00e9m de contribuir diretamente para a qualidade da educa\u00e7\u00e3o no munic\u00edpio, refletida em indicadores como o IDEB (\u00cdndice de Desenvolvimento da Educa\u00e7\u00e3o B\u00e1sica).<\/p>\n\n\n\n<figure class=\"wp-block-image size-large\"><img loading=\"lazy\" decoding=\"async\" width=\"1024\" height=\"768\" src=\"https:\/\/fetems.org.br\/fetems\/wp-content\/uploads\/2026\/04\/WhatsApp-Image-2026-04-28-at-17.50.49-1024x768.jpeg\" alt=\"\" class=\"wp-image-22917\" srcset=\"https:\/\/fetems.org.br\/fetems\/wp-content\/uploads\/2026\/04\/WhatsApp-Image-2026-04-28-at-17.50.49-1024x768.jpeg 1024w, https:\/\/fetems.org.br\/fetems\/wp-content\/uploads\/2026\/04\/WhatsApp-Image-2026-04-28-at-17.50.49-300x225.jpeg 300w, https:\/\/fetems.org.br\/fetems\/wp-content\/uploads\/2026\/04\/WhatsApp-Image-2026-04-28-at-17.50.49-768x576.jpeg 768w, https:\/\/fetems.org.br\/fetems\/wp-content\/uploads\/2026\/04\/WhatsApp-Image-2026-04-28-at-17.50.49.jpeg 1280w\" sizes=\"(max-width: 1024px) 100vw, 1024px\" \/><\/figure>\n\n\n\n<p>Tamb\u00e9m foi apresentada a proposta de reajuste salarial para os profissionais da educa\u00e7\u00e3o da rede municipal, com sugest\u00e3o de aplica\u00e7\u00e3o de percentuais em dois momentos ao longo do ano, nos meses de junho e outubro. A prefeita ponderou que a defini\u00e7\u00e3o depende de an\u00e1lises t\u00e9cnicas da equipe administrativa e jur\u00eddica, al\u00e9m da situa\u00e7\u00e3o financeira do munic\u00edpio.<\/p>\n\n\n\n<p>Para o presidente do SIMTED Bataguassu, o momento foi importante para fortalecer o di\u00e1logo institucional. \u201cNosso objetivo \u00e9 construir solu\u00e7\u00f5es concretas para a valoriza\u00e7\u00e3o dos trabalhadores e trabalhadoras em educa\u00e7\u00e3o. Apresentamos pautas hist\u00f3ricas da categoria e esperamos que, com di\u00e1logo e compromisso, possamos avan\u00e7ar no reconhecimento profissional e na melhoria das condi\u00e7\u00f5es de trabalho no munic\u00edpio\u201d, afirmou Donizetti Soares.<\/p>\n\n\n\n<p>A reuni\u00e3o foi marcada pelo di\u00e1logo e pela disposi\u00e7\u00e3o em avan\u00e7ar nas pautas apresentadas. O SIMTED Bataguassu reafirma seu compromisso com a valoriza\u00e7\u00e3o dos trabalhadores e trabalhadoras em educa\u00e7\u00e3o e seguir\u00e1 acompanhando e dialogando com a gest\u00e3o municipal em busca de conquistas para a categoria.<\/p>\n\n\n\n<p><strong>Comunica\u00e7\u00e3o FETEMS<\/strong><\/p>\n","protected":false},"excerpt":{"rendered":"<p>Na manh\u00e3 desta ter\u00e7a-feira (28), o Presidente do SIMTED Bataguassu, Donizetti Soares, juntamente com as diretoras Maria Aparecida Meira e Silvana Bica, participou de uma&#8230;<\/p>\n","protected":false},"author":14,"featured_media":22916,"comment_status":"open","ping_status":"open","sticky":false,"template":"","format":"standard","meta":{"footnotes":""},"categories":[46,23,124,1,26,18],"tags":[108,109,130,139,137,140],"_links":{"self":[{"href":"https:\/\/fetems.org.br\/fetems\/wp-json\/wp\/v2\/posts\/22915"}],"collection":[{"href":"https:\/\/fetems.org.br\/fetems\/wp-json\/wp\/v2\/posts"}],"about":[{"href":"https:\/\/fetems.org.br\/fetems\/wp-json\/wp\/v2\/types\/post"}],"author":[{"embeddable":true,"href":"https:\/\/fetems.org.br\/fetems\/wp-json\/wp\/v2\/users\/14"}],"replies":[{"embeddable":true,"href":"https:\/\/fetems.org.br\/fetems\/wp-json\/wp\/v2\/comments?post=22915"}],"version-history":[{"count":1,"href":"https:\/\/fetems.org.br\/fetems\/wp-json\/wp\/v2\/posts\/22915\/revisions"}],"predecessor-version":[{"id":22918,"href":"https:\/\/fetems.org.br\/fetems\/wp-json\/wp\/v2\/posts\/22915\/revisions\/22918"}],"wp:featuredmedia":[{"embeddable":true,"href":"https:\/\/fetems.org.br\/fetems\/wp-json\/wp\/v2\/media\/22916"}],"wp:attachment":[{"href":"https:\/\/fetems.org.br\/fetems\/wp-json\/wp\/v2\/media?parent=22915"}],"wp:term":[{"taxonomy":"category","embeddable":true,"href":"https:\/\/fetems.org.br\/fetems\/wp-json\/wp\/v2\/categories?post=22915"},{"taxonomy":"post_tag","embeddable":true,"href":"https:\/\/fetems.org.br\/fetems\/wp-json\/wp\/v2\/tags?post=22915"}],"curies":[{"name":"wp","href":"https:\/\/api.w.org\/{rel}","templated":true}]}}