{"id":22919,"date":"2026-04-29T13:59:11","date_gmt":"2026-04-29T16:59:11","guid":{"rendered":"https:\/\/fetems.org.br\/fetems\/?p=22919"},"modified":"2026-04-29T13:59:13","modified_gmt":"2026-04-29T16:59:13","slug":"simted-corumba-confirma-paralisacao-para-5-de-maio-por-falta-de-dialogo-com-executivo","status":"publish","type":"post","link":"https:\/\/fetems.org.br\/fetems\/simted-corumba-confirma-paralisacao-para-5-de-maio-por-falta-de-dialogo-com-executivo\/","title":{"rendered":"SIMTED Corumb\u00e1 confirma paralisa\u00e7\u00e3o para 5 de maio por falta de di\u00e1logo com Executivo"},"content":{"rendered":"\n<p>Os trabalhadores e trabalhadoras em educa\u00e7\u00e3o de Corumb\u00e1 decidiram intensificar a mobiliza\u00e7\u00e3o diante da aus\u00eancia de di\u00e1logo com o Executivo Municipal. Em Assembleia Geral realizada no dia 24 de abril, a categoria deliberou, de forma un\u00e2nime, pela realiza\u00e7\u00e3o de paralisa\u00e7\u00e3o no pr\u00f3ximo dia 5 de maio.<\/p>\n\n\n\n<p>A decis\u00e3o ocorre ap\u00f3s o envio de tr\u00eas of\u00edcios por parte do SIMTED solicitando a abertura de negocia\u00e7\u00e3o salarial, sem retorno efetivo por parte da administra\u00e7\u00e3o municipal. Na tentativa de avan\u00e7ar no di\u00e1logo, o sindicato foi chamado para uma reuni\u00e3o nesta segunda-feira (28), na Secretaria Municipal de Educa\u00e7\u00e3o (SEMED). Durante o encontro, foi informado que as demandas foram encaminhadas \u00e0 Secretaria de Planejamento e Receita (SEPRAD), que comunicou que as pautas ainda est\u00e3o em estudo.<\/p>\n\n\n\n<p>Diante da falta de respostas concretas, a categoria optou por manter a paralisa\u00e7\u00e3o, refor\u00e7ando a necessidade de mobiliza\u00e7\u00e3o e unidade para garantir direitos e avan\u00e7os.<\/p>\n\n\n\n<p>A Presidenta do SIMTED Corumb\u00e1, Regina Coelho, destacou a import\u00e2ncia da participa\u00e7\u00e3o coletiva neste momento. \u201cA categoria deu um recado muito claro: n\u00e3o vamos aceitar a falta de di\u00e1logo. J\u00e1 buscamos o caminho da negocia\u00e7\u00e3o por diversas vezes, mas n\u00e3o tivemos retorno. A paralisa\u00e7\u00e3o \u00e9 uma resposta leg\u00edtima dos trabalhadores e trabalhadoras em educa\u00e7\u00e3o que exigem respeito, valoriza\u00e7\u00e3o e compromisso por parte do Executivo. Agora \u00e9 momento de unidade e mobiliza\u00e7\u00e3o para garantir nossos direitos\u201d, afirmou.<\/p>\n\n\n\n<p>O SIMTED refor\u00e7a que a paralisa\u00e7\u00e3o do dia 5 de maio est\u00e1 mantida e convoca todos os trabalhadores e trabalhadoras em educa\u00e7\u00e3o a participarem do movimento. A luta segue firme em defesa da valoriza\u00e7\u00e3o profissional e da educa\u00e7\u00e3o p\u00fablica de qualidade.<\/p>\n\n\n\n<p><strong>Comunica\u00e7\u00e3o FETEMS<\/strong><\/p>\n","protected":false},"excerpt":{"rendered":"<p>Os trabalhadores e trabalhadoras em educa\u00e7\u00e3o de Corumb\u00e1 decidiram intensificar a mobiliza\u00e7\u00e3o diante da aus\u00eancia de di\u00e1logo com o Executivo Municipal. Em Assembleia Geral realizada&#8230;<\/p>\n","protected":false},"author":14,"featured_media":22920,"comment_status":"open","ping_status":"open","sticky":false,"template":"","format":"standard","meta":{"footnotes":""},"categories":[83,23,124,1,26,18],"tags":[108,109,130,139,140],"_links":{"self":[{"href":"https:\/\/fetems.org.br\/fetems\/wp-json\/wp\/v2\/posts\/22919"}],"collection":[{"href":"https:\/\/fetems.org.br\/fetems\/wp-json\/wp\/v2\/posts"}],"about":[{"href":"https:\/\/fetems.org.br\/fetems\/wp-json\/wp\/v2\/types\/post"}],"author":[{"embeddable":true,"href":"https:\/\/fetems.org.br\/fetems\/wp-json\/wp\/v2\/users\/14"}],"replies":[{"embeddable":true,"href":"https:\/\/fetems.org.br\/fetems\/wp-json\/wp\/v2\/comments?post=22919"}],"version-history":[{"count":1,"href":"https:\/\/fetems.org.br\/fetems\/wp-json\/wp\/v2\/posts\/22919\/revisions"}],"predecessor-version":[{"id":22921,"href":"https:\/\/fetems.org.br\/fetems\/wp-json\/wp\/v2\/posts\/22919\/revisions\/22921"}],"wp:featuredmedia":[{"embeddable":true,"href":"https:\/\/fetems.org.br\/fetems\/wp-json\/wp\/v2\/media\/22920"}],"wp:attachment":[{"href":"https:\/\/fetems.org.br\/fetems\/wp-json\/wp\/v2\/media?parent=22919"}],"wp:term":[{"taxonomy":"category","embeddable":true,"href":"https:\/\/fetems.org.br\/fetems\/wp-json\/wp\/v2\/categories?post=22919"},{"taxonomy":"post_tag","embeddable":true,"href":"https:\/\/fetems.org.br\/fetems\/wp-json\/wp\/v2\/tags?post=22919"}],"curies":[{"name":"wp","href":"https:\/\/api.w.org\/{rel}","templated":true}]}}