{"id":22924,"date":"2026-04-30T12:50:43","date_gmt":"2026-04-30T15:50:43","guid":{"rendered":"https:\/\/fetems.org.br\/fetems\/?p=22924"},"modified":"2026-04-30T12:50:45","modified_gmt":"2026-04-30T15:50:45","slug":"eleicao-do-simted-nova-andradina-registra-ampla-participacao-e-reconduz-edson-granato-a-presidencia","status":"publish","type":"post","link":"https:\/\/fetems.org.br\/fetems\/eleicao-do-simted-nova-andradina-registra-ampla-participacao-e-reconduz-edson-granato-a-presidencia\/","title":{"rendered":"Elei\u00e7\u00e3o do SIMTED Nova Andradina registra ampla participa\u00e7\u00e3o e reconduz Edson Granato \u00e0 presid\u00eancia"},"content":{"rendered":"\n<p>A elei\u00e7\u00e3o do SIMTED de Nova Andradina, realizada na \u00faltima ter\u00e7a-feira, 28 de abril, foi marcada pela expressiva participa\u00e7\u00e3o dos trabalhadores e trabalhadoras em educa\u00e7\u00e3o, demonstrando o compromisso da categoria com o fortalecimento da organiza\u00e7\u00e3o sindical.<\/p>\n\n\n\n<p>De acordo com o resultado final, foram computados 522 votos v\u00e1lidos, o que representa 96,13% do total de filiados. Tamb\u00e9m foram registrados 17 votos brancos (3,13%) e 4 votos nulos (0,74%), totalizando 100% dos votos contabilizados no processo eleitoral.<\/p>\n\n\n\n<p>A elei\u00e7\u00e3o consolidou a nova diretoria que estar\u00e1 \u00e0 frente do sindicato, assumindo o compromisso de dar continuidade \u00e0 luta em defesa dos direitos da categoria, da valoriza\u00e7\u00e3o profissional e da educa\u00e7\u00e3o p\u00fablica de qualidade.<\/p>\n\n\n\n<figure class=\"wp-block-image size-large\"><img loading=\"lazy\" decoding=\"async\" width=\"692\" height=\"1024\" src=\"https:\/\/fetems.org.br\/fetems\/wp-content\/uploads\/2026\/04\/WhatsApp-Image-2026-04-29-at-17.01.03-692x1024.jpeg\" alt=\"\" class=\"wp-image-22925\" srcset=\"https:\/\/fetems.org.br\/fetems\/wp-content\/uploads\/2026\/04\/WhatsApp-Image-2026-04-29-at-17.01.03-692x1024.jpeg 692w, https:\/\/fetems.org.br\/fetems\/wp-content\/uploads\/2026\/04\/WhatsApp-Image-2026-04-29-at-17.01.03-203x300.jpeg 203w, https:\/\/fetems.org.br\/fetems\/wp-content\/uploads\/2026\/04\/WhatsApp-Image-2026-04-29-at-17.01.03-768x1136.jpeg 768w, https:\/\/fetems.org.br\/fetems\/wp-content\/uploads\/2026\/04\/WhatsApp-Image-2026-04-29-at-17.01.03-1039x1536.jpeg 1039w, https:\/\/fetems.org.br\/fetems\/wp-content\/uploads\/2026\/04\/WhatsApp-Image-2026-04-29-at-17.01.03.jpeg 1082w\" sizes=\"(max-width: 692px) 100vw, 692px\" \/><\/figure>\n\n\n\n<p><strong>Confira a composi\u00e7\u00e3o da diretoria eleita:<\/strong><\/p>\n\n\n\n<p>Presidente: Edson Granato<\/p>\n\n\n\n<p>Vice-Presidente: Katia Cilene Gon\u00e7alves Marinho Ramos<\/p>\n\n\n\n<p>Secret\u00e1ria Geral: Val\u00e9ria dos Santos Pereira<\/p>\n\n\n\n<p>1\u00aa Secret\u00e1ria: Cleuza Ortiz Martins<\/p>\n\n\n\n<p>Tesoureiro Geral: Jos\u00e9 Aparecido Tavares<\/p>\n\n\n\n<p>1\u00ba Tesoureiro: Luis Carlos Picoli<\/p>\n\n\n\n<p>Secret\u00e1ria de Imprensa e Divulga\u00e7\u00e3o: Elizabete Cano Sabino<\/p>\n\n\n\n<p>Secret\u00e1ria Educacional: Rosimeire da Silva Oliveira<\/p>\n\n\n\n<p>Secret\u00e1ria de Forma\u00e7\u00e3o Sindical: Dalva de Souza<\/p>\n\n\n\n<p>Secret\u00e1ria Social e Cultural: Regina Meira Leite<\/p>\n\n\n\n<p>Secret\u00e1rio \u00c9tico Jur\u00eddico: Marcelo de Andrade Silva<\/p>\n\n\n\n<p>Secret\u00e1rio dos Aposentados: Luiz Tadao Mitsunaga<\/p>\n\n\n\n<p>Secret\u00e1ria dos Funcion\u00e1rios Administrativos: Aldenir Alcides Carvalho<\/p>\n\n\n\n<p>Secret\u00e1ria da Coordenadora Pedag\u00f3gica: Maria Neusa de Souza Rosa<\/p>\n\n\n\n<p>Secret\u00e1ria de Educa\u00e7\u00e3o Municipal: Thamara Galdino Macedo<\/p>\n\n\n\n<p>Suplentes:<\/p>\n\n\n\n<p>Jos\u00e9 Amorim da Silva<\/p>\n\n\n\n<p>Maur\u00edcio Soares dos Reis<\/p>\n\n\n\n<p>Lucimara Caccia<\/p>\n\n\n\n<p>Cassio Alexandre Sarti Figueiredo<\/p>\n\n\n\n<p>Val\u00e9ria Arrais Coelho<\/p>\n\n\n\n<p>O processo eleitoral transcorreu de forma democr\u00e1tica e transparente, refor\u00e7ando a import\u00e2ncia da participa\u00e7\u00e3o coletiva nas decis\u00f5es que impactam diretamente a organiza\u00e7\u00e3o e a atua\u00e7\u00e3o do sindicato.<\/p>\n\n\n\n<p>A FETEMS parabeniza todos os envolvidos na realiza\u00e7\u00e3o do pleito e, especialmente, os trabalhadores e trabalhadoras em educa\u00e7\u00e3o que participaram desse momento fundamental para o fortalecimento da representa\u00e7\u00e3o sindical. A entidade reafirma seu compromisso de seguir atuando em parceria com o SIMTED Nova Andradina na constru\u00e7\u00e3o de avan\u00e7os e conquistas para a categoria.<\/p>\n\n\n\n<p><strong>Comunica\u00e7\u00e3o FETEMS<\/strong><\/p>\n","protected":false},"excerpt":{"rendered":"<p>A elei\u00e7\u00e3o do SIMTED de Nova Andradina, realizada na \u00faltima ter\u00e7a-feira, 28 de abril, foi marcada pela expressiva participa\u00e7\u00e3o dos trabalhadores e trabalhadoras em educa\u00e7\u00e3o,&#8230;<\/p>\n","protected":false},"author":14,"featured_media":22926,"comment_status":"open","ping_status":"open","sticky":false,"template":"","format":"standard","meta":{"footnotes":""},"categories":[23,124,1,26,27,18],"tags":[108,109,130,139,137,140],"_links":{"self":[{"href":"https:\/\/fetems.org.br\/fetems\/wp-json\/wp\/v2\/posts\/22924"}],"collection":[{"href":"https:\/\/fetems.org.br\/fetems\/wp-json\/wp\/v2\/posts"}],"about":[{"href":"https:\/\/fetems.org.br\/fetems\/wp-json\/wp\/v2\/types\/post"}],"author":[{"embeddable":true,"href":"https:\/\/fetems.org.br\/fetems\/wp-json\/wp\/v2\/users\/14"}],"replies":[{"embeddable":true,"href":"https:\/\/fetems.org.br\/fetems\/wp-json\/wp\/v2\/comments?post=22924"}],"version-history":[{"count":1,"href":"https:\/\/fetems.org.br\/fetems\/wp-json\/wp\/v2\/posts\/22924\/revisions"}],"predecessor-version":[{"id":22927,"href":"https:\/\/fetems.org.br\/fetems\/wp-json\/wp\/v2\/posts\/22924\/revisions\/22927"}],"wp:featuredmedia":[{"embeddable":true,"href":"https:\/\/fetems.org.br\/fetems\/wp-json\/wp\/v2\/media\/22926"}],"wp:attachment":[{"href":"https:\/\/fetems.org.br\/fetems\/wp-json\/wp\/v2\/media?parent=22924"}],"wp:term":[{"taxonomy":"category","embeddable":true,"href":"https:\/\/fetems.org.br\/fetems\/wp-json\/wp\/v2\/categories?post=22924"},{"taxonomy":"post_tag","embeddable":true,"href":"https:\/\/fetems.org.br\/fetems\/wp-json\/wp\/v2\/tags?post=22924"}],"curies":[{"name":"wp","href":"https:\/\/api.w.org\/{rel}","templated":true}]}}