{"id":22928,"date":"2026-04-30T20:02:11","date_gmt":"2026-04-30T23:02:11","guid":{"rendered":"https:\/\/fetems.org.br\/fetems\/?p=22928"},"modified":"2026-04-30T20:02:12","modified_gmt":"2026-04-30T23:02:12","slug":"marcha-da-classe-trabalhadora-reune-cerca-de-3-mil-pessoas-em-campo-grande-e-reafirma-forca-da-mobilizacao-popular","status":"publish","type":"post","link":"https:\/\/fetems.org.br\/fetems\/marcha-da-classe-trabalhadora-reune-cerca-de-3-mil-pessoas-em-campo-grande-e-reafirma-forca-da-mobilizacao-popular\/","title":{"rendered":"Marcha da Classe Trabalhadora re\u00fane cerca de 3 mil pessoas em Campo Grande e reafirma for\u00e7a da mobiliza\u00e7\u00e3o popular"},"content":{"rendered":"\n<p>Campo Grande foi palco, nesta quinta-feira (30), de uma grande demonstra\u00e7\u00e3o de unidade e resist\u00eancia da classe trabalhadora. A Marcha da Classe Trabalhadora de Mato Grosso do Sul reuniu cerca de 3 mil pessoas nas ruas da Capital Morena, fortalecendo a luta por direitos e melhores condi\u00e7\u00f5es de trabalho.<\/p>\n\n\n\n<p>Organizado pela FETEMS, CUT-MS, CNTE e demais entidades sindicais, o ato levou trabalhadores e trabalhadoras da educa\u00e7\u00e3o, servidores p\u00fablicos, movimentos sociais, juventude e representantes de diversas categorias para as ruas, na v\u00e9spera do 1\u00ba de Maio, em defesa de pautas fundamentais como o fim da escala 6&#215;1, a realiza\u00e7\u00e3o de concursos p\u00fablicos, o combate \u00e0 terceiriza\u00e7\u00e3o, o fim do confisco de 14% dos aposentados e o enfrentamento \u00e0 viol\u00eancia contra as mulheres.<\/p>\n\n\n\n<figure class=\"wp-block-image size-large\"><img loading=\"lazy\" decoding=\"async\" width=\"1024\" height=\"768\" src=\"https:\/\/fetems.org.br\/fetems\/wp-content\/uploads\/2026\/04\/WhatsApp-Image-2026-04-30-at-19.31.45-1024x768.jpeg\" alt=\"\" class=\"wp-image-22930\" srcset=\"https:\/\/fetems.org.br\/fetems\/wp-content\/uploads\/2026\/04\/WhatsApp-Image-2026-04-30-at-19.31.45-1024x768.jpeg 1024w, https:\/\/fetems.org.br\/fetems\/wp-content\/uploads\/2026\/04\/WhatsApp-Image-2026-04-30-at-19.31.45-300x225.jpeg 300w, https:\/\/fetems.org.br\/fetems\/wp-content\/uploads\/2026\/04\/WhatsApp-Image-2026-04-30-at-19.31.45-768x576.jpeg 768w, https:\/\/fetems.org.br\/fetems\/wp-content\/uploads\/2026\/04\/WhatsApp-Image-2026-04-30-at-19.31.45-1536x1152.jpeg 1536w, https:\/\/fetems.org.br\/fetems\/wp-content\/uploads\/2026\/04\/WhatsApp-Image-2026-04-30-at-19.31.45.jpeg 1600w\" sizes=\"(max-width: 1024px) 100vw, 1024px\" \/><\/figure>\n\n\n\n<p>A presidenta da FETEMS, Deumeires Morais, destacou a import\u00e2ncia da mobiliza\u00e7\u00e3o coletiva. \u201cHoje demos uma demonstra\u00e7\u00e3o de for\u00e7a e unidade. A classe trabalhadora mostrou que est\u00e1 organizada e disposta a lutar por seus direitos. A educa\u00e7\u00e3o est\u00e1 no centro dessa luta, porque defender os trabalhadores \u00e9 tamb\u00e9m defender um futuro com mais justi\u00e7a e qualidade para todos\u201d, afirmou.<\/p>\n\n\n\n<p>O presidente da CUT-MS, Vilson Gimenes, refor\u00e7ou o papel das ruas na conquista de avan\u00e7os. \u201cFoi um ato grandioso, que reafirma que a luta coletiva \u00e9 o caminho para garantir direitos. Quando a classe trabalhadora se une, ela se fortalece e pressiona por mudan\u00e7as reais na vida do povo\u201d, destacou.<\/p>\n\n\n\n<p>A presidenta da CNTE, F\u00e1tima Silva, tamb\u00e9m ressaltou a relev\u00e2ncia da participa\u00e7\u00e3o popular. \u201cEsse ato mostra que a educa\u00e7\u00e3o e a classe trabalhadora caminham juntas. Precisamos seguir mobilizados, organizados e firmes na defesa de pol\u00edticas p\u00fablicas que valorizem quem constr\u00f3i o pa\u00eds todos os dias\u201d, pontuou.<\/p>\n\n\n\n<figure class=\"wp-block-gallery has-nested-images columns-default is-cropped wp-block-gallery-1 is-layout-flex wp-block-gallery-is-layout-flex\">\n<figure class=\"wp-block-image\"><img decoding=\"async\" src=\"blob:https:\/\/fetems.org.br\/7ccd7c3d-ce38-4e03-8c3a-97315f8440d4\" alt=\"\"\/><\/figure>\n\n\n\n<figure class=\"wp-block-image\"><img decoding=\"async\" src=\"blob:https:\/\/fetems.org.br\/8d943744-85ba-4398-96af-de70b58e0e20\" alt=\"\"\/><\/figure>\n<\/figure>\n\n\n\n<p>J\u00e1 o vice-presidente da FETEMS, Onivan de Lima, enfatizou a continuidade da luta. \u201cEssa marcha \u00e9 um marco importante, mas \u00e9 tamb\u00e9m um chamado para seguirmos mobilizados. As conquistas v\u00eam com organiza\u00e7\u00e3o, di\u00e1logo e, principalmente, com a presen\u00e7a da categoria nas ruas\u201d, afirmou.<\/p>\n\n\n\n<p>A Marcha da Classe Trabalhadora reafirma o compromisso das entidades com a constru\u00e7\u00e3o de um pa\u00eds mais justo, democr\u00e1tico e com direitos garantidos. A mobiliza\u00e7\u00e3o desta quinta-feira evidencia que a luta \u00e9 coletiva, e segue firme. <\/p>\n\n\n\n<p><strong>Comunica\u00e7\u00e3o FETEMS<\/strong><\/p>\n","protected":false},"excerpt":{"rendered":"<p>Campo Grande foi palco, nesta quinta-feira (30), de uma grande demonstra\u00e7\u00e3o de unidade e resist\u00eancia da classe trabalhadora. A Marcha da Classe Trabalhadora de Mato&#8230;<\/p>\n","protected":false},"author":14,"featured_media":22929,"comment_status":"open","ping_status":"open","sticky":false,"template":"","format":"standard","meta":{"footnotes":""},"categories":[23,124,1,26,18],"tags":[108,143,109,139,137,140],"_links":{"self":[{"href":"https:\/\/fetems.org.br\/fetems\/wp-json\/wp\/v2\/posts\/22928"}],"collection":[{"href":"https:\/\/fetems.org.br\/fetems\/wp-json\/wp\/v2\/posts"}],"about":[{"href":"https:\/\/fetems.org.br\/fetems\/wp-json\/wp\/v2\/types\/post"}],"author":[{"embeddable":true,"href":"https:\/\/fetems.org.br\/fetems\/wp-json\/wp\/v2\/users\/14"}],"replies":[{"embeddable":true,"href":"https:\/\/fetems.org.br\/fetems\/wp-json\/wp\/v2\/comments?post=22928"}],"version-history":[{"count":2,"href":"https:\/\/fetems.org.br\/fetems\/wp-json\/wp\/v2\/posts\/22928\/revisions"}],"predecessor-version":[{"id":22934,"href":"https:\/\/fetems.org.br\/fetems\/wp-json\/wp\/v2\/posts\/22928\/revisions\/22934"}],"wp:featuredmedia":[{"embeddable":true,"href":"https:\/\/fetems.org.br\/fetems\/wp-json\/wp\/v2\/media\/22929"}],"wp:attachment":[{"href":"https:\/\/fetems.org.br\/fetems\/wp-json\/wp\/v2\/media?parent=22928"}],"wp:term":[{"taxonomy":"category","embeddable":true,"href":"https:\/\/fetems.org.br\/fetems\/wp-json\/wp\/v2\/categories?post=22928"},{"taxonomy":"post_tag","embeddable":true,"href":"https:\/\/fetems.org.br\/fetems\/wp-json\/wp\/v2\/tags?post=22928"}],"curies":[{"name":"wp","href":"https:\/\/api.w.org\/{rel}","templated":true}]}}