{"id":23588,"date":"2026-08-20T22:20:00","date_gmt":"2026-08-21T01:20:00","guid":{"rendered":"https:\/\/fetems.org.br\/fetems\/?p=23588"},"modified":"2026-08-31T09:37:55","modified_gmt":"2026-08-31T12:37:55","slug":"abertura-do-29o-congresso-estadual-da-fetems-reune-liderancas-e-reafirma-defesa-da-educacao-publica","status":"publish","type":"post","link":"https:\/\/fetems.org.br\/fetems\/abertura-do-29o-congresso-estadual-da-fetems-reune-liderancas-e-reafirma-defesa-da-educacao-publica\/","title":{"rendered":"Abertura do 29\u00ba Congresso Estadual da FETEMS re\u00fane lideran\u00e7as e reafirma defesa da educa\u00e7\u00e3o p\u00fablica"},"content":{"rendered":"\n<p>A FETEMS (Federa\u00e7\u00e3o dos Trabalhadores em Educa\u00e7\u00e3o de Mato Grosso do Sul) abriu oficialmente, nesta quinta-feira, 20 de agosto, em Dourados, o 29\u00ba Congresso Estadual Professor Wilson Biasotto. Realizado na Unigran, o encontro reuniu trabalhadoras e trabalhadores em educa\u00e7\u00e3o, dirigentes sindicais, representantes pol\u00edticos, educacionais e de universidades para quatro dias de debates sobre Educa\u00e7\u00e3o, Democracia, Sustentabilidade e Soberania.<\/p>\n\n\n\n<p>A presidenta da FETEMS, Deumeires Morais, destacou a import\u00e2ncia de o Congresso retornar a Dourados e agradeceu ao presidente do SIMTED Dourados, Thiago Coelho, e \u00e0 dire\u00e7\u00e3o do sindicato pela parceria na realiza\u00e7\u00e3o do evento. \u201cNossa trajet\u00f3ria \u00e9 constru\u00edda pela luta e pelo sonho de uma educa\u00e7\u00e3o p\u00fablica, laica e de qualidade. Precisamos continuar lutando e sonhando com uma sociedade mais justa e igualit\u00e1ria\u201d, afirmou.<\/p>\n\n\n\n<p>O vice-presidente da FETEMS, Onivan de Lima Correa, ressaltou que a garantia de uma educa\u00e7\u00e3o p\u00fablica de qualidade est\u00e1 diretamente ligada \u00e0 valoriza\u00e7\u00e3o das(os) profissionais. \u201cPrecisamos garantir valoriza\u00e7\u00e3o salarial, concurso p\u00fablico e pol\u00edticas p\u00fablicas que assegurem o acesso e a perman\u00eancia dos nossos estudantes. \u00c9 por isso que nossas entidades s\u00e3o t\u00e3o importantes\u201d, destacou. J\u00e1 Thiago Coelho celebrou a realiza\u00e7\u00e3o do Congresso em Dourados e ressaltou a import\u00e2ncia dos debates sobre democracia, educa\u00e7\u00e3o, sustentabilidade e soberania diante da conjuntura nacional e internacional.<\/p>\n\n\n\n<p>Durante a abertura, parlamentares tamb\u00e9m defenderam a valoriza\u00e7\u00e3o da educa\u00e7\u00e3o e a organiza\u00e7\u00e3o da classe trabalhadora. Vander Loubet destacou que as conquistas da educa\u00e7\u00e3o s\u00e3o resultado da luta coletiva; Camila Jara ressaltou o papel transformador das(os) profissionais da educa\u00e7\u00e3o e criticou a terceiriza\u00e7\u00e3o; Gleice Jane abordou a desvaloriza\u00e7\u00e3o de professoras(es) convocadas(os), os baixos sal\u00e1rios das(os) administrativas(os) e o adoecimento profissional; Pedro Kemp refor\u00e7ou a import\u00e2ncia da luta sindical; e Elias Ishy chamou aten\u00e7\u00e3o para a necessidade de mobiliza\u00e7\u00e3o pela aprova\u00e7\u00e3o do novo Plano Nacional de Educa\u00e7\u00e3o.<\/p>\n\n\n\n<p>O secret\u00e1rio municipal de Educa\u00e7\u00e3o de Dourados, Nilson Francisco, relembrou sua trajet\u00f3ria como trabalhador da educa\u00e7\u00e3o e afirmou que a gest\u00e3o municipal trabalha para avan\u00e7ar na valoriza\u00e7\u00e3o da categoria. Tamb\u00e9m participaram da abertura representantes das universidades, entre eles o reitor da UFGD, Etiene Biasotto, e o reitor da Unigran, Renato de Aguiar, que destacaram o papel das institui\u00e7\u00f5es de ensino e das(os) educadoras(es) na constru\u00e7\u00e3o de uma sociedade melhor.<\/p>\n\n\n\n<p>Um dos momentos mais emocionantes da noite foi a homenagem ao professor Wilson Biasotto, que d\u00e1 nome ao 29\u00ba Congresso Estadual. Ap\u00f3s a exibi\u00e7\u00e3o de um v\u00eddeo sobre sua trajet\u00f3ria sindical e sua contribui\u00e7\u00e3o para a constru\u00e7\u00e3o da FETEMS, familiares foram chamados ao palco. Filho do homenageado, Etiene Biasotto agradeceu, emocionado, e ressaltou a import\u00e2ncia do reconhecimento \u00e0 mem\u00f3ria e ao legado de seu pai.<\/p>\n\n\n\n<p>A abertura reafirmou o Congresso Estadual como espa\u00e7o de organiza\u00e7\u00e3o, debate e defini\u00e7\u00e3o dos caminhos da FETEMS. Ao longo do encontro, representantes dos 74 sindicatos municipais filiados debateram propostas e estrat\u00e9gias para fortalecer a educa\u00e7\u00e3o p\u00fablica, os direitos das(os) trabalhadoras(es) e a atua\u00e7\u00e3o sindical em Mato Grosso do Sul.<\/p>\n\n\n\n<p>Acesse as fotos do evento <a href=\"https:\/\/wfolio.com\/my\/disk\/projects\/19892665\/folders\/32502116\">clicando aqui.<\/a><\/p>\n\n\n\n<p><strong>Comunica\u00e7\u00e3o FETEMS<\/strong><\/p>\n","protected":false},"excerpt":{"rendered":"<p>A FETEMS (Federa\u00e7\u00e3o dos Trabalhadores em Educa\u00e7\u00e3o de Mato Grosso do Sul) abriu oficialmente, nesta quinta-feira, 20 de agosto, em Dourados, o 29\u00ba Congresso Estadual&#8230;<\/p>\n","protected":false},"author":14,"featured_media":23589,"comment_status":"open","ping_status":"open","sticky":false,"template":"","format":"standard","meta":{"footnotes":""},"categories":[164,23,124,1,26,18],"tags":[108,109,139,137],"_links":{"self":[{"href":"https:\/\/fetems.org.br\/fetems\/wp-json\/wp\/v2\/posts\/23588"}],"collection":[{"href":"https:\/\/fetems.org.br\/fetems\/wp-json\/wp\/v2\/posts"}],"about":[{"href":"https:\/\/fetems.org.br\/fetems\/wp-json\/wp\/v2\/types\/post"}],"author":[{"embeddable":true,"href":"https:\/\/fetems.org.br\/fetems\/wp-json\/wp\/v2\/users\/14"}],"replies":[{"embeddable":true,"href":"https:\/\/fetems.org.br\/fetems\/wp-json\/wp\/v2\/comments?post=23588"}],"version-history":[{"count":1,"href":"https:\/\/fetems.org.br\/fetems\/wp-json\/wp\/v2\/posts\/23588\/revisions"}],"predecessor-version":[{"id":23590,"href":"https:\/\/fetems.org.br\/fetems\/wp-json\/wp\/v2\/posts\/23588\/revisions\/23590"}],"wp:featuredmedia":[{"embeddable":true,"href":"https:\/\/fetems.org.br\/fetems\/wp-json\/wp\/v2\/media\/23589"}],"wp:attachment":[{"href":"https:\/\/fetems.org.br\/fetems\/wp-json\/wp\/v2\/media?parent=23588"}],"wp:term":[{"taxonomy":"category","embeddable":true,"href":"https:\/\/fetems.org.br\/fetems\/wp-json\/wp\/v2\/categories?post=23588"},{"taxonomy":"post_tag","embeddable":true,"href":"https:\/\/fetems.org.br\/fetems\/wp-json\/wp\/v2\/tags?post=23588"}],"curies":[{"name":"wp","href":"https:\/\/api.w.org\/{rel}","templated":true}]}}