{"id":23591,"date":"2026-08-20T22:35:00","date_gmt":"2026-08-21T01:35:00","guid":{"rendered":"https:\/\/fetems.org.br\/fetems\/?p=23591"},"modified":"2026-08-31T09:35:27","modified_gmt":"2026-08-31T12:35:27","slug":"29o-congresso-estadual-da-fetems-homenageia-trajetoria-e-legado-do-professor-wilson-biasotto","status":"publish","type":"post","link":"https:\/\/fetems.org.br\/fetems\/29o-congresso-estadual-da-fetems-homenageia-trajetoria-e-legado-do-professor-wilson-biasotto\/","title":{"rendered":"29\u00ba Congresso Estadual da FETEMS homenageia trajet\u00f3ria e legado do professor Wilson Biasotto"},"content":{"rendered":"\n<p>Um dos momentos mais emocionantes da abertura do 29\u00ba Congresso Estadual da FETEMS, realizado em Dourados, foi a homenagem ao professor Wilson Biasotto, que d\u00e1 nome ao maior espa\u00e7o de debates e delibera\u00e7\u00f5es da Federa\u00e7\u00e3o. A homenagem celebrou sua trajet\u00f3ria de luta e sua contribui\u00e7\u00e3o para o fortalecimento do movimento sindical e da educa\u00e7\u00e3o p\u00fablica em Mato Grosso do Sul.<\/p>\n\n\n\n<p>Durante a solenidade, a presidenta da FETEMS, Deumeires Morais, convidou familiares de Wilson Biasotto para receberem a homenagem. Um v\u00eddeo apresentado aos participantes resgatou momentos de sua trajet\u00f3ria e de sua atua\u00e7\u00e3o sindical, relembrando a contribui\u00e7\u00e3o deixada por Biasotto para a hist\u00f3ria da Federa\u00e7\u00e3o.<\/p>\n\n\n\n<figure class=\"wp-block-image size-large\"><img loading=\"lazy\" decoding=\"async\" width=\"1024\" height=\"768\" src=\"https:\/\/fetems.org.br\/fetems\/wp-content\/uploads\/2026\/08\/foto-mat-2-1024x768.jpeg\" alt=\"\" class=\"wp-image-23593\" srcset=\"https:\/\/fetems.org.br\/fetems\/wp-content\/uploads\/2026\/08\/foto-mat-2-1024x768.jpeg 1024w, https:\/\/fetems.org.br\/fetems\/wp-content\/uploads\/2026\/08\/foto-mat-2-300x225.jpeg 300w, https:\/\/fetems.org.br\/fetems\/wp-content\/uploads\/2026\/08\/foto-mat-2-768x576.jpeg 768w, https:\/\/fetems.org.br\/fetems\/wp-content\/uploads\/2026\/08\/foto-mat-2-1536x1152.jpeg 1536w, https:\/\/fetems.org.br\/fetems\/wp-content\/uploads\/2026\/08\/foto-mat-2.jpeg 1600w\" sizes=\"(max-width: 1024px) 100vw, 1024px\" \/><\/figure>\n\n\n\n<p>O ex-presidente da FETEMS e atual secret\u00e1rio de Finan\u00e7as, Jaime Teixeira, tamb\u00e9m relembrou a trajet\u00f3ria das lideran\u00e7as que ajudaram a construir a entidade e destacou o papel de Wilson Biasotto nesse processo. Segundo ele, a for\u00e7a alcan\u00e7ada pela FETEMS \u00e9 resultado do trabalho e da luta de diferentes gera\u00e7\u00f5es de dirigentes e trabalhadoras(es) em educa\u00e7\u00e3o.<\/p>\n\n\n\n<p>Filho de Wilson Biasotto e atual reitor da UFGD, Etiene Biasotto recebeu a homenagem em nome da fam\u00edlia. Emocionado, agradeceu \u00e0 Federa\u00e7\u00e3o pelo reconhecimento e destacou o significado de ver a mem\u00f3ria de seu pai preservada justamente em um Congresso que re\u00fane trabalhadoras e trabalhadores em educa\u00e7\u00e3o de todo Mato Grosso do Sul.<\/p>\n\n\n\n<p>Ao levar o nome do professor Wilson Biasotto, o 29\u00ba Congresso Estadual reafirma o reconhecimento da FETEMS \u00e0quelas e \u00e0queles que ajudaram a construir sua hist\u00f3ria. Uma mem\u00f3ria que permanece viva na organiza\u00e7\u00e3o sindical, na defesa da educa\u00e7\u00e3o p\u00fablica e nas lutas das novas gera\u00e7\u00f5es de trabalhadoras e trabalhadores em educa\u00e7\u00e3o.<\/p>\n\n\n\n<p><a href=\"https:\/\/assessoriafetems.wfolio.pro\/disk\/29-congresso-da-fetems-fotos-xz7mtk\">Clique aqui para acessar as fotos do evento.<\/a><\/p>\n\n\n\n<p>Comunica\u00e7\u00e3o FETEMS<\/p>\n","protected":false},"excerpt":{"rendered":"<p>Um dos momentos mais emocionantes da abertura do 29\u00ba Congresso Estadual da FETEMS, realizado em Dourados, foi a homenagem ao professor Wilson Biasotto, que d\u00e1&#8230;<\/p>\n","protected":false},"author":14,"featured_media":23592,"comment_status":"open","ping_status":"open","sticky":false,"template":"","format":"standard","meta":{"footnotes":""},"categories":[164,23,124,1,26,18],"tags":[108,109,139,150],"_links":{"self":[{"href":"https:\/\/fetems.org.br\/fetems\/wp-json\/wp\/v2\/posts\/23591"}],"collection":[{"href":"https:\/\/fetems.org.br\/fetems\/wp-json\/wp\/v2\/posts"}],"about":[{"href":"https:\/\/fetems.org.br\/fetems\/wp-json\/wp\/v2\/types\/post"}],"author":[{"embeddable":true,"href":"https:\/\/fetems.org.br\/fetems\/wp-json\/wp\/v2\/users\/14"}],"replies":[{"embeddable":true,"href":"https:\/\/fetems.org.br\/fetems\/wp-json\/wp\/v2\/comments?post=23591"}],"version-history":[{"count":1,"href":"https:\/\/fetems.org.br\/fetems\/wp-json\/wp\/v2\/posts\/23591\/revisions"}],"predecessor-version":[{"id":23594,"href":"https:\/\/fetems.org.br\/fetems\/wp-json\/wp\/v2\/posts\/23591\/revisions\/23594"}],"wp:featuredmedia":[{"embeddable":true,"href":"https:\/\/fetems.org.br\/fetems\/wp-json\/wp\/v2\/media\/23592"}],"wp:attachment":[{"href":"https:\/\/fetems.org.br\/fetems\/wp-json\/wp\/v2\/media?parent=23591"}],"wp:term":[{"taxonomy":"category","embeddable":true,"href":"https:\/\/fetems.org.br\/fetems\/wp-json\/wp\/v2\/categories?post=23591"},{"taxonomy":"post_tag","embeddable":true,"href":"https:\/\/fetems.org.br\/fetems\/wp-json\/wp\/v2\/tags?post=23591"}],"curies":[{"name":"wp","href":"https:\/\/api.w.org\/{rel}","templated":true}]}}