{"id":23595,"date":"2026-08-20T23:30:00","date_gmt":"2026-08-21T02:30:00","guid":{"rendered":"https:\/\/fetems.org.br\/fetems\/?p=23595"},"modified":"2026-08-31T09:45:38","modified_gmt":"2026-08-31T12:45:38","slug":"29o-congresso-estadual-da-fetems-painel-de-analise-de-conjuntura-destaca-defesa-da-democracia-da-educacao-e-dos-direitos-sociais","status":"publish","type":"post","link":"https:\/\/fetems.org.br\/fetems\/29o-congresso-estadual-da-fetems-painel-de-analise-de-conjuntura-destaca-defesa-da-democracia-da-educacao-e-dos-direitos-sociais\/","title":{"rendered":"29\u00ba Congresso Estadual da FETEMS: Painel de An\u00e1lise de Conjuntura destaca defesa da democracia, da educa\u00e7\u00e3o e dos direitos sociais"},"content":{"rendered":"\n<p>O 29\u00ba Congresso Estadual da FETEMS realizou o Painel de An\u00e1lise de Conjuntura, reunindo diferentes perspectivas sobre os cen\u00e1rios pol\u00edtico, econ\u00f4mico e social do Brasil, da Am\u00e9rica Latina e do mundo. A mesa foi conduzida pela presidenta da FETEMS, Deumeires Morais, e pelo presidente do SIMTED Dourados, Thiago Coelho.<\/p>\n\n\n\n<p>O professor e deputado argentino Hugo Yasky apresentou uma an\u00e1lise da conjuntura internacional, com aten\u00e7\u00e3o especial \u00e0 Am\u00e9rica do Sul e \u00e0s realidades pol\u00edticas do Brasil e da Argentina. Em sua exposi\u00e7\u00e3o, abordou os desafios enfrentados pela classe trabalhadora diante do avan\u00e7o de projetos de extrema direita e destacou a import\u00e2ncia da integra\u00e7\u00e3o e da organiza\u00e7\u00e3o dos pa\u00edses latino-americanos.<\/p>\n\n\n\n<p>Carlos Augusto Abicalil analisou o cen\u00e1rio econ\u00f4mico e pol\u00edtico da Am\u00e9rica Latina, destacando o papel de Brasil e M\u00e9xico e abordando quest\u00f5es relacionadas ao crescimento econ\u00f4mico, \u00e0 agricultura e \u00e0s pol\u00edticas de prote\u00e7\u00e3o ambiental. O educador tamb\u00e9m alertou para os impactos da desinforma\u00e7\u00e3o no debate p\u00fablico e para seus reflexos na democracia.<\/p>\n\n\n\n<figure class=\"wp-block-gallery has-nested-images columns-default is-cropped wp-block-gallery-1 is-layout-flex wp-block-gallery-is-layout-flex\">\n<figure class=\"wp-block-image size-large\"><img loading=\"lazy\" decoding=\"async\" width=\"1024\" height=\"768\" data-id=\"23599\" src=\"https:\/\/fetems.org.br\/fetems\/wp-content\/uploads\/2026\/08\/WhatsApp-Image-2026-08-20-at-22.07.24-1-1024x768.jpeg\" alt=\"\" class=\"wp-image-23599\" srcset=\"https:\/\/fetems.org.br\/fetems\/wp-content\/uploads\/2026\/08\/WhatsApp-Image-2026-08-20-at-22.07.24-1-1024x768.jpeg 1024w, https:\/\/fetems.org.br\/fetems\/wp-content\/uploads\/2026\/08\/WhatsApp-Image-2026-08-20-at-22.07.24-1-300x225.jpeg 300w, https:\/\/fetems.org.br\/fetems\/wp-content\/uploads\/2026\/08\/WhatsApp-Image-2026-08-20-at-22.07.24-1-768x576.jpeg 768w, https:\/\/fetems.org.br\/fetems\/wp-content\/uploads\/2026\/08\/WhatsApp-Image-2026-08-20-at-22.07.24-1-1536x1152.jpeg 1536w, https:\/\/fetems.org.br\/fetems\/wp-content\/uploads\/2026\/08\/WhatsApp-Image-2026-08-20-at-22.07.24-1.jpeg 1600w\" sizes=\"(max-width: 1024px) 100vw, 1024px\" \/><\/figure>\n\n\n\n<figure class=\"wp-block-image size-large\"><img loading=\"lazy\" decoding=\"async\" width=\"1024\" height=\"576\" data-id=\"23597\" src=\"https:\/\/fetems.org.br\/fetems\/wp-content\/uploads\/2026\/08\/WhatsApp-Image-2026-08-20-at-21.57.14-1024x576.jpeg\" alt=\"\" class=\"wp-image-23597\" srcset=\"https:\/\/fetems.org.br\/fetems\/wp-content\/uploads\/2026\/08\/WhatsApp-Image-2026-08-20-at-21.57.14-1024x576.jpeg 1024w, https:\/\/fetems.org.br\/fetems\/wp-content\/uploads\/2026\/08\/WhatsApp-Image-2026-08-20-at-21.57.14-300x169.jpeg 300w, https:\/\/fetems.org.br\/fetems\/wp-content\/uploads\/2026\/08\/WhatsApp-Image-2026-08-20-at-21.57.14-768x432.jpeg 768w, https:\/\/fetems.org.br\/fetems\/wp-content\/uploads\/2026\/08\/WhatsApp-Image-2026-08-20-at-21.57.14.jpeg 1280w\" sizes=\"(max-width: 1024px) 100vw, 1024px\" \/><\/figure>\n\n\n\n<figure class=\"wp-block-image size-large\"><img loading=\"lazy\" decoding=\"async\" width=\"1024\" height=\"768\" data-id=\"23600\" src=\"https:\/\/fetems.org.br\/fetems\/wp-content\/uploads\/2026\/08\/WhatsApp-Image-2026-08-20-at-21.56.54-1-1024x768.jpeg\" alt=\"\" class=\"wp-image-23600\" srcset=\"https:\/\/fetems.org.br\/fetems\/wp-content\/uploads\/2026\/08\/WhatsApp-Image-2026-08-20-at-21.56.54-1-1024x768.jpeg 1024w, https:\/\/fetems.org.br\/fetems\/wp-content\/uploads\/2026\/08\/WhatsApp-Image-2026-08-20-at-21.56.54-1-300x225.jpeg 300w, https:\/\/fetems.org.br\/fetems\/wp-content\/uploads\/2026\/08\/WhatsApp-Image-2026-08-20-at-21.56.54-1-768x576.jpeg 768w, https:\/\/fetems.org.br\/fetems\/wp-content\/uploads\/2026\/08\/WhatsApp-Image-2026-08-20-at-21.56.54-1-1536x1152.jpeg 1536w, https:\/\/fetems.org.br\/fetems\/wp-content\/uploads\/2026\/08\/WhatsApp-Image-2026-08-20-at-21.56.54-1.jpeg 1600w\" sizes=\"(max-width: 1024px) 100vw, 1024px\" \/><\/figure>\n\n\n\n<figure class=\"wp-block-image size-large\"><img loading=\"lazy\" decoding=\"async\" width=\"1024\" height=\"768\" data-id=\"23598\" src=\"https:\/\/fetems.org.br\/fetems\/wp-content\/uploads\/2026\/08\/WhatsApp-Image-2026-08-20-at-21.56.51-1024x768.jpeg\" alt=\"\" class=\"wp-image-23598\" srcset=\"https:\/\/fetems.org.br\/fetems\/wp-content\/uploads\/2026\/08\/WhatsApp-Image-2026-08-20-at-21.56.51-1024x768.jpeg 1024w, https:\/\/fetems.org.br\/fetems\/wp-content\/uploads\/2026\/08\/WhatsApp-Image-2026-08-20-at-21.56.51-300x225.jpeg 300w, https:\/\/fetems.org.br\/fetems\/wp-content\/uploads\/2026\/08\/WhatsApp-Image-2026-08-20-at-21.56.51-768x576.jpeg 768w, https:\/\/fetems.org.br\/fetems\/wp-content\/uploads\/2026\/08\/WhatsApp-Image-2026-08-20-at-21.56.51-1536x1152.jpeg 1536w, https:\/\/fetems.org.br\/fetems\/wp-content\/uploads\/2026\/08\/WhatsApp-Image-2026-08-20-at-21.56.51.jpeg 1600w\" sizes=\"(max-width: 1024px) 100vw, 1024px\" \/><\/figure>\n<\/figure>\n\n\n\n<p>O deputado federal Vander Loubet relacionou o desenvolvimento de Mato Grosso do Sul \u00e0 necessidade de investimento em educa\u00e7\u00e3o e valoriza\u00e7\u00e3o das(os) trabalhadoras(es). Para o parlamentar, o crescimento econ\u00f4mico precisa estar acompanhado de pol\u00edticas p\u00fablicas capazes de promover cidadania, reduzir desigualdades e assegurar direitos \u00e0 popula\u00e7\u00e3o.<\/p>\n\n\n\n<p>A presidenta da CNTE, F\u00e1tima Silva, destacou o Congresso como espa\u00e7o para avaliar desafios, mas tamb\u00e9m reconhecer as conquistas constru\u00eddas pela luta sindical. Entre as prioridades, defendeu um Plano Nacional de Educa\u00e7\u00e3o que amplie a participa\u00e7\u00e3o da sociedade, al\u00e9m da valoriza\u00e7\u00e3o das(os) profissionais, da realiza\u00e7\u00e3o de concursos p\u00fablicos e da garantia de condi\u00e7\u00f5es dignas de trabalho e de vida.<\/p>\n\n\n\n<p>Ao encerrar o painel, Deumeires Morais ressaltou as contribui\u00e7\u00f5es dos convidados para a compreens\u00e3o da conjuntura e entregou uma homenagem a cada integrante da mesa. Na sequ\u00eancia, o Congresso realizou a vota\u00e7\u00e3o do Regimento Interno, aprovado pela ampla maioria das delegadas e dos delegados presentes.<\/p>\n\n\n\n<p>Para acessar as fotos do evento <a href=\"https:\/\/assessoriafetems.wfolio.pro\/disk\/29-congresso-da-fetems-fotos-xz7mtk\">clique aqui.<\/a><\/p>\n\n\n\n<p><strong>Comunica\u00e7\u00e3o FETEMS<\/strong><\/p>\n","protected":false},"excerpt":{"rendered":"<p>O 29\u00ba Congresso Estadual da FETEMS realizou o Painel de An\u00e1lise de Conjuntura, reunindo diferentes perspectivas sobre os cen\u00e1rios pol\u00edtico, econ\u00f4mico e social do Brasil,&#8230;<\/p>\n","protected":false},"author":14,"featured_media":23596,"comment_status":"open","ping_status":"open","sticky":false,"template":"","format":"standard","meta":{"footnotes":""},"categories":[164,23,124,1,26,18],"tags":[108,109,139,150,137],"_links":{"self":[{"href":"https:\/\/fetems.org.br\/fetems\/wp-json\/wp\/v2\/posts\/23595"}],"collection":[{"href":"https:\/\/fetems.org.br\/fetems\/wp-json\/wp\/v2\/posts"}],"about":[{"href":"https:\/\/fetems.org.br\/fetems\/wp-json\/wp\/v2\/types\/post"}],"author":[{"embeddable":true,"href":"https:\/\/fetems.org.br\/fetems\/wp-json\/wp\/v2\/users\/14"}],"replies":[{"embeddable":true,"href":"https:\/\/fetems.org.br\/fetems\/wp-json\/wp\/v2\/comments?post=23595"}],"version-history":[{"count":1,"href":"https:\/\/fetems.org.br\/fetems\/wp-json\/wp\/v2\/posts\/23595\/revisions"}],"predecessor-version":[{"id":23601,"href":"https:\/\/fetems.org.br\/fetems\/wp-json\/wp\/v2\/posts\/23595\/revisions\/23601"}],"wp:featuredmedia":[{"embeddable":true,"href":"https:\/\/fetems.org.br\/fetems\/wp-json\/wp\/v2\/media\/23596"}],"wp:attachment":[{"href":"https:\/\/fetems.org.br\/fetems\/wp-json\/wp\/v2\/media?parent=23595"}],"wp:term":[{"taxonomy":"category","embeddable":true,"href":"https:\/\/fetems.org.br\/fetems\/wp-json\/wp\/v2\/categories?post=23595"},{"taxonomy":"post_tag","embeddable":true,"href":"https:\/\/fetems.org.br\/fetems\/wp-json\/wp\/v2\/tags?post=23595"}],"curies":[{"name":"wp","href":"https:\/\/api.w.org\/{rel}","templated":true}]}}