{"id":23614,"date":"2026-08-23T14:35:00","date_gmt":"2026-08-23T17:35:00","guid":{"rendered":"https:\/\/fetems.org.br\/fetems\/?p=23614"},"modified":"2026-08-31T10:46:03","modified_gmt":"2026-08-31T13:46:03","slug":"29o-congresso-estadual-da-fetems-ultimo-dia-consolida-plano-de-lutas-e-decisoes-que-orientarao-a-federacao","status":"publish","type":"post","link":"https:\/\/fetems.org.br\/fetems\/29o-congresso-estadual-da-fetems-ultimo-dia-consolida-plano-de-lutas-e-decisoes-que-orientarao-a-federacao\/","title":{"rendered":"29\u00ba Congresso Estadual da FETEMS: \u00faltimo dia consolida Plano de Lutas e decis\u00f5es que orientar\u00e3o a Federa\u00e7\u00e3o"},"content":{"rendered":"\n<p>O 29\u00ba Congresso Estadual da FETEMS chegou ao \u00faltimo dia de atividades, neste domingo (23), com um dos momentos mais importantes de sua programa\u00e7\u00e3o: o debate e a delibera\u00e7\u00e3o das propostas que orientar\u00e3o a organiza\u00e7\u00e3o e as lutas da Federa\u00e7\u00e3o nos pr\u00f3ximos anos. As atividades tiveram in\u00edcio pela manh\u00e3, com apresenta\u00e7\u00e3o cultural, seguida do 6\u00ba Painel do Congresso.<\/p>\n\n\n\n<p>A Mesa da Tese do Congresso, das Altera\u00e7\u00f5es Estatut\u00e1rias e do Plano de Lutas reuniu delegadas e delegados para analisar e deliberar sobre documentos fundamentais para a atua\u00e7\u00e3o pol\u00edtica e sindical da FETEMS. Na sequ\u00eancia, as(os) congressistas debateram e votaram as altera\u00e7\u00f5es no Estatuto da FETEMS. As mudan\u00e7as atualizam as normas que orientam a organiza\u00e7\u00e3o e o funcionamento da Federa\u00e7\u00e3o, adequando o documento \u00e0s novas demandas da categoria e do movimento sindical.<\/p>\n\n\n\n<p>Outro momento central foi o debate e a aprova\u00e7\u00e3o do Plano de Lutas. O documento re\u00fane as prioridades e estrat\u00e9gias que nortear\u00e3o a atua\u00e7\u00e3o da FETEMS e dos sindicatos municipais filiados, fortalecendo a mobiliza\u00e7\u00e3o em defesa da educa\u00e7\u00e3o p\u00fablica e da valoriza\u00e7\u00e3o das(os) trabalhadoras(es) em educa\u00e7\u00e3o.<\/p>\n\n\n\n<p>As delibera\u00e7\u00f5es do \u00faltimo dia sintetizaram os debates realizados durante todo o 29\u00ba Congresso Estadual, transformando as discuss\u00f5es dos diferentes pain\u00e9is em diretrizes para a a\u00e7\u00e3o sindical. O Congresso reafirmou a unidade da categoria e o papel da organiza\u00e7\u00e3o coletiva na defesa de direitos e na constru\u00e7\u00e3o de uma educa\u00e7\u00e3o p\u00fablica, democr\u00e1tica, inclusiva e socialmente referenciada.<\/p>\n\n\n\n<p>Com a conclus\u00e3o das vota\u00e7\u00f5es, a FETEMS encerrou seu 29\u00ba Congresso Estadual reafirmando o compromisso de levar as decis\u00f5es constru\u00eddas coletivamente para as lutas dos pr\u00f3ximos anos, em conjunto com seus 74 sindicatos municipais filiados e as trabalhadoras e os trabalhadores em educa\u00e7\u00e3o de Mato Grosso do Sul.<\/p>\n\n\n\n<p>Para acessar as fotos do evento&nbsp;<a href=\"https:\/\/assessoriafetems.wfolio.pro\/disk\/29-congresso-da-fetems-fotos-xz7mtk\">clique aqui.<\/a><\/p>\n\n\n\n<p><strong>Comunica\u00e7\u00e3o FETEMS<\/strong><\/p>\n","protected":false},"excerpt":{"rendered":"<p>O 29\u00ba Congresso Estadual da FETEMS chegou ao \u00faltimo dia de atividades, neste domingo (23), com um dos momentos mais importantes de sua programa\u00e7\u00e3o: o&#8230;<\/p>\n","protected":false},"author":14,"featured_media":23615,"comment_status":"open","ping_status":"open","sticky":false,"template":"","format":"standard","meta":{"footnotes":""},"categories":[164,23,124,1,26,18],"tags":[143,109,139,137],"_links":{"self":[{"href":"https:\/\/fetems.org.br\/fetems\/wp-json\/wp\/v2\/posts\/23614"}],"collection":[{"href":"https:\/\/fetems.org.br\/fetems\/wp-json\/wp\/v2\/posts"}],"about":[{"href":"https:\/\/fetems.org.br\/fetems\/wp-json\/wp\/v2\/types\/post"}],"author":[{"embeddable":true,"href":"https:\/\/fetems.org.br\/fetems\/wp-json\/wp\/v2\/users\/14"}],"replies":[{"embeddable":true,"href":"https:\/\/fetems.org.br\/fetems\/wp-json\/wp\/v2\/comments?post=23614"}],"version-history":[{"count":1,"href":"https:\/\/fetems.org.br\/fetems\/wp-json\/wp\/v2\/posts\/23614\/revisions"}],"predecessor-version":[{"id":23616,"href":"https:\/\/fetems.org.br\/fetems\/wp-json\/wp\/v2\/posts\/23614\/revisions\/23616"}],"wp:featuredmedia":[{"embeddable":true,"href":"https:\/\/fetems.org.br\/fetems\/wp-json\/wp\/v2\/media\/23615"}],"wp:attachment":[{"href":"https:\/\/fetems.org.br\/fetems\/wp-json\/wp\/v2\/media?parent=23614"}],"wp:term":[{"taxonomy":"category","embeddable":true,"href":"https:\/\/fetems.org.br\/fetems\/wp-json\/wp\/v2\/categories?post=23614"},{"taxonomy":"post_tag","embeddable":true,"href":"https:\/\/fetems.org.br\/fetems\/wp-json\/wp\/v2\/tags?post=23614"}],"curies":[{"name":"wp","href":"https:\/\/api.w.org\/{rel}","templated":true}]}}