{"id":23650,"date":"2026-09-04T17:35:16","date_gmt":"2026-09-04T20:35:16","guid":{"rendered":"https:\/\/fetems.org.br\/fetems\/?p=23650"},"modified":"2026-09-04T17:35:16","modified_gmt":"2026-09-04T20:35:16","slug":"fetems-participa-de-seminario-internacional-sobre-direito-a-educacao-e-politicas-publicas-na-ufpr","status":"publish","type":"post","link":"https:\/\/fetems.org.br\/fetems\/fetems-participa-de-seminario-internacional-sobre-direito-a-educacao-e-politicas-publicas-na-ufpr\/","title":{"rendered":"FETEMS participa de semin\u00e1rio internacional sobre direito \u00e0 educa\u00e7\u00e3o e pol\u00edticas p\u00fablicas na UFPR"},"content":{"rendered":"\n<p>A secret\u00e1ria de Pol\u00edticas Educacionais da FETEMS, Sueli Veiga Melo, participa, entre os dias 3 e 5 de setembro, do Semin\u00e1rio \u201cDireito \u00e0 Educa\u00e7\u00e3o e Pol\u00edticas P\u00fablicas\u201d, realizado na Universidade Federal do Paran\u00e1 (UFPR), em Curitiba (PR). A atividade integra a programa\u00e7\u00e3o da Escola ALIE de Altos Estudos e re\u00fane pesquisadoras(es), professoras(es) universit\u00e1rias(os) e dirigentes sindicais de diferentes regi\u00f5es do Brasil e da Am\u00e9rica Latina.<\/p>\n\n\n\n<p>O Semin\u00e1rio \u00e9 promovido pela Associa\u00e7\u00e3o Latino-Americana de Investiga\u00e7\u00e3o em Educa\u00e7\u00e3o (ALIE), em conjunto com o Setor de Educa\u00e7\u00e3o da UFPR e com a participa\u00e7\u00e3o da APP-PR. A atividade antecede o primeiro Congresso da ALIE 2026, que ser\u00e1 realizado de 6 a 9 de setembro, tamb\u00e9m em Curitiba.<\/p>\n\n\n\n<p>A convite da APP-PR, que faz parte da organiza\u00e7\u00e3o do evento e participa com v\u00e1rios dirigentes, a Confedera\u00e7\u00e3o Nacional dos Trabalhadores em Educa\u00e7\u00e3o (CNTE) indicou tr\u00eas representantes que desenvolvem pesquisas na \u00e1rea da educa\u00e7\u00e3o para participar do Semin\u00e1rio: Sueli Veiga Melo, de Mato Grosso do Sul; Gilmar Soares, de Mato Grosso; e Felipe Baunilha, da Para\u00edba.<\/p>\n\n\n\n<figure class=\"wp-block-image size-large\"><img loading=\"lazy\" decoding=\"async\" width=\"1024\" height=\"768\" src=\"https:\/\/fetems.org.br\/fetems\/wp-content\/uploads\/2026\/09\/WhatsApp-Image-2026-09-04-at-14.01.14-1-1024x768.jpeg\" alt=\"\" class=\"wp-image-23652\" srcset=\"https:\/\/fetems.org.br\/fetems\/wp-content\/uploads\/2026\/09\/WhatsApp-Image-2026-09-04-at-14.01.14-1-1024x768.jpeg 1024w, https:\/\/fetems.org.br\/fetems\/wp-content\/uploads\/2026\/09\/WhatsApp-Image-2026-09-04-at-14.01.14-1-300x225.jpeg 300w, https:\/\/fetems.org.br\/fetems\/wp-content\/uploads\/2026\/09\/WhatsApp-Image-2026-09-04-at-14.01.14-1-768x576.jpeg 768w, https:\/\/fetems.org.br\/fetems\/wp-content\/uploads\/2026\/09\/WhatsApp-Image-2026-09-04-at-14.01.14-1-1536x1152.jpeg 1536w, https:\/\/fetems.org.br\/fetems\/wp-content\/uploads\/2026\/09\/WhatsApp-Image-2026-09-04-at-14.01.14-1.jpeg 1600w\" sizes=\"(max-width: 1024px) 100vw, 1024px\" \/><\/figure>\n\n\n\n<p>A programa\u00e7\u00e3o tem como objetivo ampliar o di\u00e1logo e o interc\u00e2mbio acad\u00eamico entre pesquisadoras(es), universidades e o movimento sindical, fortalecendo a reflex\u00e3o coletiva sobre o direito \u00e0 educa\u00e7\u00e3o e os desafios das pol\u00edticas p\u00fablicas educacionais. As atividades est\u00e3o organizadas em tr\u00eas eixos: aulas expositivas, com apresenta\u00e7\u00e3o de pesquisas e debates contempor\u00e2neos; oficinas em pequenos grupos para troca de experi\u00eancias de pesquisa e interven\u00e7\u00e3o social; e rodas de conversa para promover o interc\u00e2mbio entre participantes e refer\u00eancias da educa\u00e7\u00e3o latino-americana.<\/p>\n\n\n\n<p>Para Sueli Veiga Melo, a participa\u00e7\u00e3o no encontro proporciona importantes reflex\u00f5es sobre os caminhos percorridos pela educa\u00e7\u00e3o p\u00fablica e os desafios enfrentados atualmente no Brasil, na Am\u00e9rica Latina e em outras partes do mundo.<\/p>\n\n\n\n<p>\u201cEst\u00e1 sendo um momento muito importante de reflex\u00e3o e di\u00e1logo sobre a educa\u00e7\u00e3o, desde as lutas das d\u00e9cadas de 1980 e 1990 e os avan\u00e7os que consolidaram a educa\u00e7\u00e3o como direito de todas as pessoas e dever do Estado, at\u00e9 os desafios que enfrentamos atualmente. Estamos debatendo a interfer\u00eancia de organismos internacionais nas pol\u00edticas educacionais, a privatiza\u00e7\u00e3o, a precariza\u00e7\u00e3o, a militariza\u00e7\u00e3o, a padroniza\u00e7\u00e3o dos curr\u00edculos, a desvaloriza\u00e7\u00e3o docente e a redu\u00e7\u00e3o do financiamento, entre outras quest\u00f5es que atingem a educa\u00e7\u00e3o p\u00fablica e tamb\u00e9m impactam a organiza\u00e7\u00e3o e a luta sindical\u201d, destacou Sueli.<\/p>\n\n\n\n<p>Entre as(os) convidadas(os) para os debates est\u00e3o Andrea Gouveia, Claudia Moreira, Gisele Masson, Marcos Ferraz, Nayolanda Coutinho Lobo Amorim de Souza, Laura Pereira e Simony Quirino, do Brasil; Jes\u00fas Mar\u00eda Redondo Rojo e Rodrigo Cornejo, do Chile; Julieta Heurtley e Myriam Feldfeber, da Argentina; e Rodolfo Elias, do Paraguai.<\/p>\n\n\n\n<p>A participa\u00e7\u00e3o da FETEMS no Semin\u00e1rio fortalece a articula\u00e7\u00e3o entre pesquisa acad\u00eamica e movimento sindical e amplia o interc\u00e2mbio com pesquisadoras(es) e organiza\u00e7\u00f5es da Am\u00e9rica Latina. Para a Federa\u00e7\u00e3o, esses espa\u00e7os s\u00e3o fundamentais para compreender as transforma\u00e7\u00f5es das pol\u00edticas educacionais e fortalecer a luta em defesa da educa\u00e7\u00e3o p\u00fablica, gratuita, democr\u00e1tica, inclusiva e socialmente referenciada.<\/p>\n\n\n\n<p><strong>Comunica\u00e7\u00e3o FETEMS<\/strong><\/p>\n","protected":false},"excerpt":{"rendered":"<p>A secret\u00e1ria de Pol\u00edticas Educacionais da FETEMS, Sueli Veiga Melo, participa, entre os dias 3 e 5 de setembro, do Semin\u00e1rio \u201cDireito \u00e0 Educa\u00e7\u00e3o e&#8230;<\/p>\n","protected":false},"author":14,"featured_media":23651,"comment_status":"open","ping_status":"open","sticky":false,"template":"","format":"standard","meta":{"footnotes":""},"categories":[23,124,1,26,18],"tags":[108,143,109,139],"_links":{"self":[{"href":"https:\/\/fetems.org.br\/fetems\/wp-json\/wp\/v2\/posts\/23650"}],"collection":[{"href":"https:\/\/fetems.org.br\/fetems\/wp-json\/wp\/v2\/posts"}],"about":[{"href":"https:\/\/fetems.org.br\/fetems\/wp-json\/wp\/v2\/types\/post"}],"author":[{"embeddable":true,"href":"https:\/\/fetems.org.br\/fetems\/wp-json\/wp\/v2\/users\/14"}],"replies":[{"embeddable":true,"href":"https:\/\/fetems.org.br\/fetems\/wp-json\/wp\/v2\/comments?post=23650"}],"version-history":[{"count":1,"href":"https:\/\/fetems.org.br\/fetems\/wp-json\/wp\/v2\/posts\/23650\/revisions"}],"predecessor-version":[{"id":23653,"href":"https:\/\/fetems.org.br\/fetems\/wp-json\/wp\/v2\/posts\/23650\/revisions\/23653"}],"wp:featuredmedia":[{"embeddable":true,"href":"https:\/\/fetems.org.br\/fetems\/wp-json\/wp\/v2\/media\/23651"}],"wp:attachment":[{"href":"https:\/\/fetems.org.br\/fetems\/wp-json\/wp\/v2\/media?parent=23650"}],"wp:term":[{"taxonomy":"category","embeddable":true,"href":"https:\/\/fetems.org.br\/fetems\/wp-json\/wp\/v2\/categories?post=23650"},{"taxonomy":"post_tag","embeddable":true,"href":"https:\/\/fetems.org.br\/fetems\/wp-json\/wp\/v2\/tags?post=23650"}],"curies":[{"name":"wp","href":"https:\/\/api.w.org\/{rel}","templated":true}]}}