{"id":23654,"date":"2026-09-04T17:56:37","date_gmt":"2026-09-04T20:56:37","guid":{"rendered":"https:\/\/fetems.org.br\/fetems\/?p=23654"},"modified":"2026-09-04T17:57:51","modified_gmt":"2026-09-04T20:57:51","slug":"profissionais-da-educacao-de-sidrolandia-realizam-paralisacao-contra-reducao-salarial-e-aumento-da-jornada","status":"publish","type":"post","link":"https:\/\/fetems.org.br\/fetems\/profissionais-da-educacao-de-sidrolandia-realizam-paralisacao-contra-reducao-salarial-e-aumento-da-jornada\/","title":{"rendered":"Profissionais da educa\u00e7\u00e3o de Sidrol\u00e2ndia realizam paralisa\u00e7\u00e3o contra redu\u00e7\u00e3o salarial e aumento da jornada"},"content":{"rendered":"\n<p>Professoras e professores da Rede Municipal de Ensino de Sidrol\u00e2ndia realizaram, nesta sexta-feira (4), uma paralisa\u00e7\u00e3o em defesa dos direitos conquistados pela categoria. A mobiliza\u00e7\u00e3o, realizada em frente \u00e0 Prefeitura, denunciou a tentativa de redu\u00e7\u00e3o salarial, o aumento da jornada de trabalho e a retirada de direitos garantidos desde 2016.<\/p>\n\n\n\n<p>A FETEMS participou do movimento representada pela vice-presidenta Regional de Campo Grande, Rosana Carvalho; pelo secret\u00e1rio-geral, Paulo C\u00e9sar Lima; e pela coordenadora do Departamento dos Trabalhadores na Educa\u00e7\u00e3o do Campo, Olinda Concei\u00e7\u00e3o. A Federa\u00e7\u00e3o reafirma seu apoio \u00e0 luta do SIPREMS e das trabalhadoras e dos trabalhadores da educa\u00e7\u00e3o de Sidrol\u00e2ndia.<\/p>\n\n\n\n<p>Segundo a presidenta do Sindicato dos Profissionais da Rede de Ensino Municipal de Educa\u00e7\u00e3o B\u00e1sica de Sidrol\u00e2ndia (SIPREMS), Maristela Stefanello, o prefeito Rodrigo Basso encaminhou \u00e0 C\u00e2mara Municipal o Projeto de Lei n\u00ba 12. A proposta suspende o reajuste de 5,4% do piso nacional do magist\u00e9rio, aplicado desde mar\u00e7o, e estabelece o percentual de 3,77%, reformulando a tabela salarial e provocando uma redu\u00e7\u00e3o de 1,63 ponto percentual.<\/p>\n\n\n\n<p>\u201cNossa paralisa\u00e7\u00e3o acontece porque estamos reivindicando a manuten\u00e7\u00e3o dos direitos adquiridos desde 2016. Queremos a manuten\u00e7\u00e3o da nossa jornada de trabalho e da nossa tabela salarial\u201d, afirmou Maristela.<\/p>\n\n\n\n<p>A categoria tamb\u00e9m protesta contra uma A\u00e7\u00e3o Direta de Inconstitucionalidade ajuizada pela Prefeitura de Sidrol\u00e2ndia no Tribunal de Justi\u00e7a. A a\u00e7\u00e3o questiona dispositivos da Lei n\u00ba 110\/2016 e pode ampliar a jornada semanal de 22 para 24 horas-aula ou provocar o pagamento proporcional da atual jornada. Atualmente, cada hora-aula tem dura\u00e7\u00e3o de 50 minutos.<\/p>\n\n\n\n<p>Maristela explica que um professor do n\u00edvel 1, classe A, recebe atualmente R$ 3.720,30 por uma jornada de 22 horas-aula semanais. Na tabela apresentada pela Prefeitura na a\u00e7\u00e3o judicial, a jornada passa para 24 horas-aula, enquanto o sal\u00e1rio \u00e9 reduzido para cerca de R$ 3,6 mil.<\/p>\n\n\n\n<p>Outra preocupa\u00e7\u00e3o \u00e9 a tentativa de retirar uma conquista prevista na Lei n\u00ba 136. Desde 2019, a legisla\u00e7\u00e3o garante \u00e0 categoria o reajuste nacional do magist\u00e9rio e um segundo reajuste em maio, de no m\u00ednimo 3%.<\/p>\n\n\n\n<p>\u201cA FETEMS est\u00e1 junto com o SIPREMS e com toda a categoria de Sidrol\u00e2ndia nesta luta. N\u00e3o podemos aceitar a retirada de direitos conquistados, a redu\u00e7\u00e3o de sal\u00e1rios nem o aumento da jornada de trabalho. Nossa Federa\u00e7\u00e3o, ao lado dos 74 sindicatos municipais, seguir\u00e1 mobilizada em defesa da valoriza\u00e7\u00e3o das trabalhadoras e dos trabalhadores da educa\u00e7\u00e3o. Contem com a FETEMS. Seguiremos firmes, fortes e unidos at\u00e9 que os direitos da categoria sejam garantidos\u201d, afirmou a presidenta da FETEMS, Deumeires Morais.<\/p>\n\n\n\n<p>A FETEMS se solidariza com o SIPREMS e com toda a categoria de Sidrol\u00e2ndia. Direitos conquistados n\u00e3o podem ser retirados. A Federa\u00e7\u00e3o seguir\u00e1 ao lado das trabalhadoras e dos trabalhadores em defesa da valoriza\u00e7\u00e3o profissional, da carreira, dos sal\u00e1rios e de condi\u00e7\u00f5es dignas de trabalho.<\/p>\n\n\n\n<p><strong>Comunica\u00e7\u00e3o FETEMS<\/strong><\/p>\n","protected":false},"excerpt":{"rendered":"<p>Professoras e professores da Rede Municipal de Ensino de Sidrol\u00e2ndia realizaram, nesta sexta-feira (4), uma paralisa\u00e7\u00e3o em defesa dos direitos conquistados pela categoria. A mobiliza\u00e7\u00e3o,&#8230;<\/p>\n","protected":false},"author":14,"featured_media":23655,"comment_status":"open","ping_status":"open","sticky":false,"template":"","format":"standard","meta":{"footnotes":""},"categories":[23,124,1,26,18],"tags":[108,143,109,139],"_links":{"self":[{"href":"https:\/\/fetems.org.br\/fetems\/wp-json\/wp\/v2\/posts\/23654"}],"collection":[{"href":"https:\/\/fetems.org.br\/fetems\/wp-json\/wp\/v2\/posts"}],"about":[{"href":"https:\/\/fetems.org.br\/fetems\/wp-json\/wp\/v2\/types\/post"}],"author":[{"embeddable":true,"href":"https:\/\/fetems.org.br\/fetems\/wp-json\/wp\/v2\/users\/14"}],"replies":[{"embeddable":true,"href":"https:\/\/fetems.org.br\/fetems\/wp-json\/wp\/v2\/comments?post=23654"}],"version-history":[{"count":3,"href":"https:\/\/fetems.org.br\/fetems\/wp-json\/wp\/v2\/posts\/23654\/revisions"}],"predecessor-version":[{"id":23658,"href":"https:\/\/fetems.org.br\/fetems\/wp-json\/wp\/v2\/posts\/23654\/revisions\/23658"}],"wp:featuredmedia":[{"embeddable":true,"href":"https:\/\/fetems.org.br\/fetems\/wp-json\/wp\/v2\/media\/23655"}],"wp:attachment":[{"href":"https:\/\/fetems.org.br\/fetems\/wp-json\/wp\/v2\/media?parent=23654"}],"wp:term":[{"taxonomy":"category","embeddable":true,"href":"https:\/\/fetems.org.br\/fetems\/wp-json\/wp\/v2\/categories?post=23654"},{"taxonomy":"post_tag","embeddable":true,"href":"https:\/\/fetems.org.br\/fetems\/wp-json\/wp\/v2\/tags?post=23654"}],"curies":[{"name":"wp","href":"https:\/\/api.w.org\/{rel}","templated":true}]}}