{"id":3418,"date":"2022-03-31T14:28:35","date_gmt":"2022-03-31T17:28:35","guid":{"rendered":"https:\/\/fetems.org.br\/fetems\/?p=3418"},"modified":"2022-03-31T14:28:36","modified_gmt":"2022-03-31T17:28:36","slug":"profissionais-em-educacao-da-rede-municipal-de-terenos-decidem-se-filiar-ao-simted-para-fortalecer-a-luta-em-defesa-da-educacao","status":"publish","type":"post","link":"https:\/\/fetems.org.br\/fetems\/profissionais-em-educacao-da-rede-municipal-de-terenos-decidem-se-filiar-ao-simted-para-fortalecer-a-luta-em-defesa-da-educacao\/","title":{"rendered":"Profissionais em Educa\u00e7\u00e3o da Rede Municipal de Terenos decidem se filiar ao SIMTED para fortalecer a luta em Defesa da Educa\u00e7\u00e3o"},"content":{"rendered":"\n<p><\/p>\n\n\n\n<p>Ontem, dia 30 de mar\u00e7o, a dire\u00e7\u00e3o do SIMTED de Terenos-MS realizou uma assembleia com os(as) Profissionais em Educa\u00e7\u00e3o da Rede Municipal, com a presen\u00e7a dos diretores da FETEMS, Renato Pires de Paula, Iara Gutierrez Cuellar e Ademar Pl\u00e1cido da Rosa para a ades\u00e3o de filia\u00e7\u00e3o dos Profissionais em Educa\u00e7\u00e3o da Rede Municipal.<\/p>\n\n\n\n<p>\u201cA dire\u00e7\u00e3o do SIMTED de Terenos agradece a confian\u00e7a dos trabalhadores em Educa\u00e7\u00e3o da Rede Municipal que aderiram em massa a filia\u00e7\u00e3o em nosso sindicato. Estamos felizes por esta conquista e estamos prontos para compor uma nova hist\u00f3ria para os profissionais da educa\u00e7\u00e3o municipal de Terenos\u201d, enfatizou o Presidente do SIMTED, Eduardo Glagau.<\/p>\n\n\n\n<p>\u201cFoi uma atividade hist\u00f3rica no SIMTED de Terenos. Na companhia dos diretores da FETEMS, Professora Iara Gutierrez Cuellar, do Professor Ademar Pl\u00e1cido e do Presidente do SIMTED, Eduardo Glagau, fizemos uma longa conversa com os trabalhadores em Educa\u00e7\u00e3o da Rede Municipal de Terenos, que decidiram se filiar ao SIMTED e fortalecer a luta dos Trabalhadores em Educa\u00e7\u00e3o de MS e do Brasil. A luta n\u00e3o pode parar!\u201d, pontuou o Vice-Regional de Campo Grande da FETEMS, Renato Pires de Paula.<\/p>\n","protected":false},"excerpt":{"rendered":"<p>Ontem, dia 30 de mar\u00e7o, a dire\u00e7\u00e3o do SIMTED de Terenos-MS realizou uma assembleia com os(as) Profissionais em Educa\u00e7\u00e3o da Rede Municipal, com a presen\u00e7a&#8230;<\/p>\n","protected":false},"author":3,"featured_media":3419,"comment_status":"open","ping_status":"open","sticky":false,"template":"","format":"standard","meta":{"footnotes":""},"categories":[26,76,18],"tags":[],"_links":{"self":[{"href":"https:\/\/fetems.org.br\/fetems\/wp-json\/wp\/v2\/posts\/3418"}],"collection":[{"href":"https:\/\/fetems.org.br\/fetems\/wp-json\/wp\/v2\/posts"}],"about":[{"href":"https:\/\/fetems.org.br\/fetems\/wp-json\/wp\/v2\/types\/post"}],"author":[{"embeddable":true,"href":"https:\/\/fetems.org.br\/fetems\/wp-json\/wp\/v2\/users\/3"}],"replies":[{"embeddable":true,"href":"https:\/\/fetems.org.br\/fetems\/wp-json\/wp\/v2\/comments?post=3418"}],"version-history":[{"count":1,"href":"https:\/\/fetems.org.br\/fetems\/wp-json\/wp\/v2\/posts\/3418\/revisions"}],"predecessor-version":[{"id":3420,"href":"https:\/\/fetems.org.br\/fetems\/wp-json\/wp\/v2\/posts\/3418\/revisions\/3420"}],"wp:featuredmedia":[{"embeddable":true,"href":"https:\/\/fetems.org.br\/fetems\/wp-json\/wp\/v2\/media\/3419"}],"wp:attachment":[{"href":"https:\/\/fetems.org.br\/fetems\/wp-json\/wp\/v2\/media?parent=3418"}],"wp:term":[{"taxonomy":"category","embeddable":true,"href":"https:\/\/fetems.org.br\/fetems\/wp-json\/wp\/v2\/categories?post=3418"},{"taxonomy":"post_tag","embeddable":true,"href":"https:\/\/fetems.org.br\/fetems\/wp-json\/wp\/v2\/tags?post=3418"}],"curies":[{"name":"wp","href":"https:\/\/api.w.org\/{rel}","templated":true}]}}