{"id":5880,"date":"2022-04-23T09:18:36","date_gmt":"2022-04-23T12:18:36","guid":{"rendered":"https:\/\/fetems.org.br\/fetems\/?p=5880"},"modified":"2022-04-23T09:27:01","modified_gmt":"2022-04-23T12:27:01","slug":"simted-e-fetems-impedem-manobra-do-prefeito-de-terenos-para-achatar-carreira-dos-professores-da-rede-municipal","status":"publish","type":"post","link":"https:\/\/fetems.org.br\/fetems\/simted-e-fetems-impedem-manobra-do-prefeito-de-terenos-para-achatar-carreira-dos-professores-da-rede-municipal\/","title":{"rendered":"SIMTED e FETEMS impedem manobra do Prefeito de Terenos para achatar carreira dos Professores da Rede Municipal"},"content":{"rendered":"\n<p><\/p>\n\n\n\n<p>Na noite de quarta-feira (19\/04) foi realizada uma Plen\u00e1ria na C\u00e2mara Municipal de Terenos pelo SISEMTER (Sindicato dos Servidores Municipais de Terenos), na presen\u00e7a do Prefeito e dos Vereadores do Munic\u00edpio, que contou com v\u00e1rios Servidores Municipais, para decidir o futuro da carreira dos Professores.<\/p>\n\n\n\n<p>Ao perceber a manobra, o Presidente do SIMTED Eduardo Gaglau procurou os vereadores e garantiu que os representantes dos Professores tamb\u00e9m deveriam ter alguns minutos na tribuna para defender o cumprimento da Lei do Piso Nacional do Magist\u00e9rio.<\/p>\n\n\n\n<p>Para pagar o Piso hoje, para uma jornada de 40 horas semanais, o Prefeito de Terenos precisaria reajustar o sal\u00e1rio dos Professores em 49,35%, devido a uma defasagem praticada h\u00e1 3 anos. Por esse movito os Professores decidiram se desfiliar do SISEMTER e se filiar ao SIMTED, que \u00e9 filiado \u00e0 FETEMS.<\/p>\n\n\n\n<p>O Prefeito apresentou uma proposta de reajuste de apenas 12%, com mais uma incorpora\u00e7\u00e3o de 10% da reg\u00eancia. Paralelo a isso o Prefeito tamb\u00e9m manifestou interesse em acabar com a carreira dos Professores, retirando o n\u00edvel 1 (Magist\u00e9rio) de maneira arbitr\u00e1ria.<\/p>\n\n\n\n<p>Depois de tentativas de intimida\u00e7\u00e3o contra o Presidente do SIMTED, o espa\u00e7o foi aberto para o SIMTED e a FETEMS. E logo ap\u00f3s as falas de Eduardo Gaglau, Renato Pires de Paula e Ademar Pl\u00e1cido da Rosa, no sentido de esclarecer a manobra do SISEMTER e do Prefeito, a Plen\u00e1ria foi esvaziada e objetivo do Prefeito n\u00e3o foi alcan\u00e7ado.<\/p>\n\n\n\n<p>Os Professores foram at\u00e9 a sede do SIMTED e rejeitaram a proposta do Prefeito, insuficiente para o cumprimento da Lei do Piso. Al\u00e9m disso, tamb\u00e9m deliberaram por uma agenda de lutas para garantir que o Prefeito receba novamente o SIMTED, para dar continuidade nas negocia\u00e7\u00f5es e para que n\u00e3o haja nenhuma decis\u00e3o unilateral do Prefeito, contra os direitos dos Professores de Terenos.<\/p>\n\n\n\n<figure class=\"wp-block-image size-large\"><img loading=\"lazy\" decoding=\"async\" width=\"768\" height=\"1024\" src=\"https:\/\/fetems.org.br\/fetems\/wp-content\/uploads\/2022\/04\/WhatsApp-Image-2022-04-20-at-18.44.38-4-768x1024.jpeg\" alt=\"\" class=\"wp-image-5881\" srcset=\"https:\/\/fetems.org.br\/fetems\/wp-content\/uploads\/2022\/04\/WhatsApp-Image-2022-04-20-at-18.44.38-4-768x1024.jpeg 768w, https:\/\/fetems.org.br\/fetems\/wp-content\/uploads\/2022\/04\/WhatsApp-Image-2022-04-20-at-18.44.38-4-225x300.jpeg 225w, https:\/\/fetems.org.br\/fetems\/wp-content\/uploads\/2022\/04\/WhatsApp-Image-2022-04-20-at-18.44.38-4.jpeg 960w\" sizes=\"(max-width: 768px) 100vw, 768px\" \/><\/figure>\n\n\n\n<figure class=\"wp-block-image size-large\"><img loading=\"lazy\" decoding=\"async\" width=\"1024\" height=\"768\" src=\"https:\/\/fetems.org.br\/fetems\/wp-content\/uploads\/2022\/04\/WhatsApp-Image-2022-04-20-at-18.44.38-2-1024x768.jpeg\" alt=\"\" class=\"wp-image-5882\" srcset=\"https:\/\/fetems.org.br\/fetems\/wp-content\/uploads\/2022\/04\/WhatsApp-Image-2022-04-20-at-18.44.38-2-1024x768.jpeg 1024w, https:\/\/fetems.org.br\/fetems\/wp-content\/uploads\/2022\/04\/WhatsApp-Image-2022-04-20-at-18.44.38-2-300x225.jpeg 300w, https:\/\/fetems.org.br\/fetems\/wp-content\/uploads\/2022\/04\/WhatsApp-Image-2022-04-20-at-18.44.38-2-768x576.jpeg 768w, https:\/\/fetems.org.br\/fetems\/wp-content\/uploads\/2022\/04\/WhatsApp-Image-2022-04-20-at-18.44.38-2.jpeg 1280w\" sizes=\"(max-width: 1024px) 100vw, 1024px\" \/><\/figure>\n","protected":false},"excerpt":{"rendered":"<p>Na noite de quarta-feira (19\/04) foi realizada uma Plen\u00e1ria na C\u00e2mara Municipal de Terenos pelo SISEMTER (Sindicato dos Servidores Municipais de Terenos), na presen\u00e7a do&#8230;<\/p>\n","protected":false},"author":3,"featured_media":5883,"comment_status":"open","ping_status":"open","sticky":false,"template":"","format":"standard","meta":{"footnotes":""},"categories":[26,76,18],"tags":[],"_links":{"self":[{"href":"https:\/\/fetems.org.br\/fetems\/wp-json\/wp\/v2\/posts\/5880"}],"collection":[{"href":"https:\/\/fetems.org.br\/fetems\/wp-json\/wp\/v2\/posts"}],"about":[{"href":"https:\/\/fetems.org.br\/fetems\/wp-json\/wp\/v2\/types\/post"}],"author":[{"embeddable":true,"href":"https:\/\/fetems.org.br\/fetems\/wp-json\/wp\/v2\/users\/3"}],"replies":[{"embeddable":true,"href":"https:\/\/fetems.org.br\/fetems\/wp-json\/wp\/v2\/comments?post=5880"}],"version-history":[{"count":2,"href":"https:\/\/fetems.org.br\/fetems\/wp-json\/wp\/v2\/posts\/5880\/revisions"}],"predecessor-version":[{"id":5885,"href":"https:\/\/fetems.org.br\/fetems\/wp-json\/wp\/v2\/posts\/5880\/revisions\/5885"}],"wp:featuredmedia":[{"embeddable":true,"href":"https:\/\/fetems.org.br\/fetems\/wp-json\/wp\/v2\/media\/5883"}],"wp:attachment":[{"href":"https:\/\/fetems.org.br\/fetems\/wp-json\/wp\/v2\/media?parent=5880"}],"wp:term":[{"taxonomy":"category","embeddable":true,"href":"https:\/\/fetems.org.br\/fetems\/wp-json\/wp\/v2\/categories?post=5880"},{"taxonomy":"post_tag","embeddable":true,"href":"https:\/\/fetems.org.br\/fetems\/wp-json\/wp\/v2\/tags?post=5880"}],"curies":[{"name":"wp","href":"https:\/\/api.w.org\/{rel}","templated":true}]}}