{"id":9319,"date":"2022-05-20T09:55:48","date_gmt":"2022-05-20T12:55:48","guid":{"rendered":"https:\/\/fetems.org.br\/fetems\/?p=9319"},"modified":"2025-01-13T09:50:31","modified_gmt":"2025-01-13T12:50:31","slug":"camara-aprova-texto-projeto-que-libera-a-educacao-domiciliar-agora-precisa-ser-barrado-no-senado","status":"publish","type":"post","link":"https:\/\/fetems.org.br\/fetems\/camara-aprova-texto-projeto-que-libera-a-educacao-domiciliar-agora-precisa-ser-barrado-no-senado\/","title":{"rendered":"C\u00e2mara aprova texto projeto que libera a educa\u00e7\u00e3o domiciliar; agora precisa ser barrado no Senado"},"content":{"rendered":"\n<p><br>Em Sess\u00e3o Deliberativa, deputados federais da oposi\u00e7\u00e3o analisaram as mudan\u00e7as para o texto base do Projeto de Lei (PL) aprovado no dia 18 que regulamenta o ensino domiciliar no Brasil, tamb\u00e9m conhecido como &#8220;homeschooling&#8221;. Na quarta-feira a tramita\u00e7\u00e3o do projeto dispensou todas as formalidades regimentais e n\u00e3o passou por debate em nenhuma comiss\u00e3o, j\u00e1 que foi votado em regime de urg\u00eancia urgent\u00edssima.<br>Parlamentares da oposi\u00e7\u00e3o lembraram que a vota\u00e7\u00e3o, ocorrida no Dia Nacional de Combate ao Abuso e \u00e0 Explora\u00e7\u00e3o Sexual de Crian\u00e7as e Adolescentes, deveria trazer \u00e0 tona a perspectiva de que o quadro de viola\u00e7\u00f5es contra esse p\u00fablico intensificou com o isolamento decorrente da pandemia de Covid-19, j\u00e1 que a maior parte dos abusos sexuais ocorrem dentro de casa. <\/p>\n\n\n\n<p>Com informa\u00e7\u00f5es: CNTE  <\/p>\n\n\n\n<p>https:\/\/www.cnte.org.br\/index.php\/menu\/comunicacao\/posts\/notas-publicas\/74948-camara-dos-deputados-aprova-a-regulamentacao-da-educacao-domiciliar-a-luta-agora-e-para-barrar-a-proposta-no-senado<\/p>\n\n\n\n<p><\/p>\n\n\n\n<figure class=\"wp-block-image size-full\"><img loading=\"lazy\" decoding=\"async\" width=\"855\" height=\"479\" src=\"https:\/\/fetems.org.br\/fetems\/wp-content\/uploads\/2022\/05\/WhatsApp-Image-2022-05-19-at-13.50.23.jpeg\" alt=\"\" class=\"wp-image-9324\" srcset=\"https:\/\/fetems.org.br\/fetems\/wp-content\/uploads\/2022\/05\/WhatsApp-Image-2022-05-19-at-13.50.23.jpeg 855w, https:\/\/fetems.org.br\/fetems\/wp-content\/uploads\/2022\/05\/WhatsApp-Image-2022-05-19-at-13.50.23-300x168.jpeg 300w, https:\/\/fetems.org.br\/fetems\/wp-content\/uploads\/2022\/05\/WhatsApp-Image-2022-05-19-at-13.50.23-768x430.jpeg 768w\" sizes=\"(max-width: 855px) 100vw, 855px\" \/><\/figure>\n","protected":false},"excerpt":{"rendered":"<p>Em Sess\u00e3o Deliberativa, deputados federais da oposi\u00e7\u00e3o analisaram as mudan\u00e7as para o texto base do Projeto de Lei (PL) aprovado no dia 18 que regulamenta&#8230;<\/p>\n","protected":false},"author":4,"featured_media":9324,"comment_status":"open","ping_status":"open","sticky":false,"template":"","format":"standard","meta":{"footnotes":""},"categories":[1,26,18],"tags":[],"_links":{"self":[{"href":"https:\/\/fetems.org.br\/fetems\/wp-json\/wp\/v2\/posts\/9319"}],"collection":[{"href":"https:\/\/fetems.org.br\/fetems\/wp-json\/wp\/v2\/posts"}],"about":[{"href":"https:\/\/fetems.org.br\/fetems\/wp-json\/wp\/v2\/types\/post"}],"author":[{"embeddable":true,"href":"https:\/\/fetems.org.br\/fetems\/wp-json\/wp\/v2\/users\/4"}],"replies":[{"embeddable":true,"href":"https:\/\/fetems.org.br\/fetems\/wp-json\/wp\/v2\/comments?post=9319"}],"version-history":[{"count":1,"href":"https:\/\/fetems.org.br\/fetems\/wp-json\/wp\/v2\/posts\/9319\/revisions"}],"predecessor-version":[{"id":9327,"href":"https:\/\/fetems.org.br\/fetems\/wp-json\/wp\/v2\/posts\/9319\/revisions\/9327"}],"wp:featuredmedia":[{"embeddable":true,"href":"https:\/\/fetems.org.br\/fetems\/wp-json\/wp\/v2\/media\/9324"}],"wp:attachment":[{"href":"https:\/\/fetems.org.br\/fetems\/wp-json\/wp\/v2\/media?parent=9319"}],"wp:term":[{"taxonomy":"category","embeddable":true,"href":"https:\/\/fetems.org.br\/fetems\/wp-json\/wp\/v2\/categories?post=9319"},{"taxonomy":"post_tag","embeddable":true,"href":"https:\/\/fetems.org.br\/fetems\/wp-json\/wp\/v2\/tags?post=9319"}],"curies":[{"name":"wp","href":"https:\/\/api.w.org\/{rel}","templated":true}]}}